{"@context":"https:\/\/schema.org\/","@type":"CollectionPage","@id":"https:\/\/www.gerards.cz\/byznys\/#CollectionPage","headline":"Byznys Category","description":"","url":"https:\/\/www.gerards.cz\/byznys\/","hasPart":[{"@type":"Article","@id":"https:\/\/www.gerards.cz\/zviditelneni-firmy\/","headline":"Zviditeln\u011bn\u00ed firmy","url":"https:\/\/www.gerards.cz\/zviditelneni-firmy\/","datePublished":"2022-10-27","dateModified":"2023-05-03","mainEntityOfPage":"https:\/\/www.gerards.cz\/zviditelneni-firmy\/","author":{"@type":"Person","@id":"https:\/\/www.gerards.cz\/author\/#Person","name":"","url":"https:\/\/www.gerards.cz\/author\/","identifier":1,"image":{"@type":"ImageObject","@id":"https:\/\/secure.gravatar.com\/avatar\/70bfba35016f640cc40a20bdb6eeeb519f15df7de2446955eee0a1f10ed86e77?s=96&d=mm&r=g","url":"https:\/\/secure.gravatar.com\/avatar\/70bfba35016f640cc40a20bdb6eeeb519f15df7de2446955eee0a1f10ed86e77?s=96&d=mm&r=g","height":96,"width":96}},"publisher":{"@type":"Organization","name":"gerards.cz","logo":{"@type":"ImageObject","@id":"\/logo.png","url":"\/logo.png","width":600,"height":60}},"image":{"@type":"ImageObject","@id":"https:\/\/www.gerards.cz\/wp-content\/uploads\/media-998990_960_720.jpg","url":"https:\/\/www.gerards.cz\/wp-content\/uploads\/media-998990_960_720.jpg","height":0,"width":0},"keywords":null},{"@type":"Article","@id":"https:\/\/www.gerards.cz\/psani-blogu\/","headline":"Psan\u00ed blogu","url":"https:\/\/www.gerards.cz\/psani-blogu\/","datePublished":"2022-10-16","dateModified":"2023-05-03","mainEntityOfPage":"https:\/\/www.gerards.cz\/psani-blogu\/","author":{"@type":"Person","@id":"https:\/\/www.gerards.cz\/author\/#Person","name":"","url":"https:\/\/www.gerards.cz\/author\/","identifier":1,"image":{"@type":"ImageObject","@id":"https:\/\/secure.gravatar.com\/avatar\/70bfba35016f640cc40a20bdb6eeeb519f15df7de2446955eee0a1f10ed86e77?s=96&d=mm&r=g","url":"https:\/\/secure.gravatar.com\/avatar\/70bfba35016f640cc40a20bdb6eeeb519f15df7de2446955eee0a1f10ed86e77?s=96&d=mm&r=g","height":96,"width":96}},"publisher":{"@type":"Organization","name":"gerards.cz","logo":{"@type":"ImageObject","@id":"\/logo.png","url":"\/logo.png","width":600,"height":60}},"image":{"@type":"ImageObject","@id":"https:\/\/www.gerards.cz\/wp-content\/uploads\/paper-623167_960_720_1.jpg","url":"https:\/\/www.gerards.cz\/wp-content\/uploads\/paper-623167_960_720_1.jpg","height":0,"width":0},"keywords":null},{"@type":"Article","@id":"https:\/\/www.gerards.cz\/seniori-by-se-nemeli-nechat-stehovat-sami\/","headline":"Senio\u0159i by se nem\u011bli nechat st\u011bhovat sami","url":"https:\/\/www.gerards.cz\/seniori-by-se-nemeli-nechat-stehovat-sami\/","datePublished":"2022-10-15","dateModified":"2023-05-03","mainEntityOfPage":"https:\/\/www.gerards.cz\/seniori-by-se-nemeli-nechat-stehovat-sami\/","author":{"@type":"Person","@id":"https:\/\/www.gerards.cz\/author\/#Person","name":"","url":"https:\/\/www.gerards.cz\/author\/","identifier":1,"image":{"@type":"ImageObject","@id":"https:\/\/secure.gravatar.com\/avatar\/70bfba35016f640cc40a20bdb6eeeb519f15df7de2446955eee0a1f10ed86e77?s=96&d=mm&r=g","url":"https:\/\/secure.gravatar.com\/avatar\/70bfba35016f640cc40a20bdb6eeeb519f15df7de2446955eee0a1f10ed86e77?s=96&d=mm&r=g","height":96,"width":96}},"publisher":{"@type":"Organization","name":"gerards.cz","logo":{"@type":"ImageObject","@id":"\/logo.png","url":"\/logo.png","width":600,"height":60}},"image":{"@type":"ImageObject","@id":"https:\/\/www.gerards.cz\/wp-content\/uploads\/move-gef2371e22_640.jpg","url":"https:\/\/www.gerards.cz\/wp-content\/uploads\/move-gef2371e22_640.jpg","height":0,"width":0},"keywords":null},{"@type":"Article","@id":"https:\/\/www.gerards.cz\/i-vyuceny-instalater-topenar-muze-pomoci\/","headline":"I vyu\u010den\u00fd instalat\u00e9r topen\u00e1\u0159 m\u016f\u017ee pomoci","url":"https:\/\/www.gerards.cz\/i-vyuceny-instalater-topenar-muze-pomoci\/","datePublished":"2022-10-15","dateModified":"2023-05-03","mainEntityOfPage":"https:\/\/www.gerards.cz\/i-vyuceny-instalater-topenar-muze-pomoci\/","author":{"@type":"Person","@id":"https:\/\/www.gerards.cz\/author\/#Person","name":"","url":"https:\/\/www.gerards.cz\/author\/","identifier":1,"image":{"@type":"ImageObject","@id":"https:\/\/secure.gravatar.com\/avatar\/70bfba35016f640cc40a20bdb6eeeb519f15df7de2446955eee0a1f10ed86e77?s=96&d=mm&r=g","url":"https:\/\/secure.gravatar.com\/avatar\/70bfba35016f640cc40a20bdb6eeeb519f15df7de2446955eee0a1f10ed86e77?s=96&d=mm&r=g","height":96,"width":96}},"publisher":{"@type":"Organization","name":"gerards.cz","logo":{"@type":"ImageObject","@id":"\/logo.png","url":"\/logo.png","width":600,"height":60}},"image":{"@type":"ImageObject","@id":"https:\/\/www.gerards.cz\/wp-content\/uploads\/na%C5%99a.JPG","url":"https:\/\/www.gerards.cz\/wp-content\/uploads\/na%C5%99a.JPG","height":0,"width":0},"keywords":null},{"@type":"Article","@id":"https:\/\/www.gerards.cz\/lze-prijit-k-hotovemu\/","headline":"Lze p\u0159ij\u00edt k hotov\u00e9mu","url":"https:\/\/www.gerards.cz\/lze-prijit-k-hotovemu\/","datePublished":"2022-10-15","dateModified":"2024-02-12","mainEntityOfPage":"https:\/\/www.gerards.cz\/lze-prijit-k-hotovemu\/","author":{"@type":"Person","@id":"https:\/\/www.gerards.cz\/author\/#Person","name":"","url":"https:\/\/www.gerards.cz\/author\/","identifier":1,"image":{"@type":"ImageObject","@id":"https:\/\/secure.gravatar.com\/avatar\/70bfba35016f640cc40a20bdb6eeeb519f15df7de2446955eee0a1f10ed86e77?s=96&d=mm&r=g","url":"https:\/\/secure.gravatar.com\/avatar\/70bfba35016f640cc40a20bdb6eeeb519f15df7de2446955eee0a1f10ed86e77?s=96&d=mm&r=g","height":96,"width":96}},"publisher":{"@type":"Organization","name":"gerards.cz","logo":{"@type":"ImageObject","@id":"\/logo.png","url":"\/logo.png","width":600,"height":60}},"image":{"@type":"ImageObject","@id":"https:\/\/www.gerards.cz\/wp-content\/uploads\/kancel%C3%A1%C5%99sk%C3%A1%20pr%C3%A1ce_10_1.jpg","url":"https:\/\/www.gerards.cz\/wp-content\/uploads\/kancel%C3%A1%C5%99sk%C3%A1%20pr%C3%A1ce_10_1.jpg","height":0,"width":0},"keywords":null},{"@type":"Article","@id":"https:\/\/www.gerards.cz\/pro-podnikani-na-internetu-potrebujete-mit-i-odpovidajici-webove-stranky\/","headline":"Pro podnik\u00e1n\u00ed na Internetu pot\u0159ebujete m\u00edt i odpov\u00eddaj\u00edc\u00ed webov\u00e9 str\u00e1nky","url":"https:\/\/www.gerards.cz\/pro-podnikani-na-internetu-potrebujete-mit-i-odpovidajici-webove-stranky\/","datePublished":"2022-10-13","dateModified":"2023-05-03","mainEntityOfPage":"https:\/\/www.gerards.cz\/pro-podnikani-na-internetu-potrebujete-mit-i-odpovidajici-webove-stranky\/","author":{"@type":"Person","@id":"https:\/\/www.gerards.cz\/author\/#Person","name":"","url":"https:\/\/www.gerards.cz\/author\/","identifier":1,"image":{"@type":"ImageObject","@id":"https:\/\/secure.gravatar.com\/avatar\/70bfba35016f640cc40a20bdb6eeeb519f15df7de2446955eee0a1f10ed86e77?s=96&d=mm&r=g","url":"https:\/\/secure.gravatar.com\/avatar\/70bfba35016f640cc40a20bdb6eeeb519f15df7de2446955eee0a1f10ed86e77?s=96&d=mm&r=g","height":96,"width":96}},"publisher":{"@type":"Organization","name":"gerards.cz","logo":{"@type":"ImageObject","@id":"\/logo.png","url":"\/logo.png","width":600,"height":60}},"image":{"@type":"ImageObject","@id":"https:\/\/www.gerards.cz\/wp-content\/uploads\/student-g884b90ea0_640.jpg","url":"https:\/\/www.gerards.cz\/wp-content\/uploads\/student-g884b90ea0_640.jpg","height":0,"width":0},"keywords":null},{"@type":"Article","@id":"https:\/\/www.gerards.cz\/kam-se-vydat-z-ruzynskeho-letiste-autem-na-vylet\/","headline":"Kam se vydat z ruzy\u0148sk\u00e9ho leti\u0161t\u011b autem na v\u00fdlet","url":"https:\/\/www.gerards.cz\/kam-se-vydat-z-ruzynskeho-letiste-autem-na-vylet\/","datePublished":"2022-10-09","dateModified":"2023-05-03","mainEntityOfPage":"https:\/\/www.gerards.cz\/kam-se-vydat-z-ruzynskeho-letiste-autem-na-vylet\/","author":{"@type":"Person","@id":"https:\/\/www.gerards.cz\/author\/#Person","name":"","url":"https:\/\/www.gerards.cz\/author\/","identifier":1,"image":{"@type":"ImageObject","@id":"https:\/\/secure.gravatar.com\/avatar\/70bfba35016f640cc40a20bdb6eeeb519f15df7de2446955eee0a1f10ed86e77?s=96&d=mm&r=g","url":"https:\/\/secure.gravatar.com\/avatar\/70bfba35016f640cc40a20bdb6eeeb519f15df7de2446955eee0a1f10ed86e77?s=96&d=mm&r=g","height":96,"width":96}},"publisher":{"@type":"Organization","name":"gerards.cz","logo":{"@type":"ImageObject","@id":"\/logo.png","url":"\/logo.png","width":600,"height":60}},"image":{"@type":"ImageObject","@id":"https:\/\/www.gerards.cz\/wp-content\/uploads\/country-g6807ae8bb_640.jpg","url":"https:\/\/www.gerards.cz\/wp-content\/uploads\/country-g6807ae8bb_640.jpg","height":0,"width":0},"keywords":null},{"@type":"Article","@id":"https:\/\/www.gerards.cz\/zubar-ktery-nabira-nove-pacienty\/","headline":"Zuba\u0159, kter\u00fd nab\u00edr\u00e1 nov\u00e9 pacienty","url":"https:\/\/www.gerards.cz\/zubar-ktery-nabira-nove-pacienty\/","datePublished":"2022-10-09","dateModified":"2023-05-03","mainEntityOfPage":"https:\/\/www.gerards.cz\/zubar-ktery-nabira-nove-pacienty\/","author":{"@type":"Person","@id":"https:\/\/www.gerards.cz\/author\/#Person","name":"","url":"https:\/\/www.gerards.cz\/author\/","identifier":1,"image":{"@type":"ImageObject","@id":"https:\/\/secure.gravatar.com\/avatar\/70bfba35016f640cc40a20bdb6eeeb519f15df7de2446955eee0a1f10ed86e77?s=96&d=mm&r=g","url":"https:\/\/secure.gravatar.com\/avatar\/70bfba35016f640cc40a20bdb6eeeb519f15df7de2446955eee0a1f10ed86e77?s=96&d=mm&r=g","height":96,"width":96}},"publisher":{"@type":"Organization","name":"gerards.cz","logo":{"@type":"ImageObject","@id":"\/logo.png","url":"\/logo.png","width":600,"height":60}},"image":{"@type":"ImageObject","@id":"https:\/\/www.gerards.cz\/wp-content\/uploads\/dentist-g4a2b9fc83_1920.png","url":"https:\/\/www.gerards.cz\/wp-content\/uploads\/dentist-g4a2b9fc83_1920.png","height":0,"width":0},"keywords":null},{"@type":"Article","@id":"https:\/\/www.gerards.cz\/piknik-na-koberci-s-prateli\/","headline":"Piknik na koberci s p\u0159\u00e1teli","url":"https:\/\/www.gerards.cz\/piknik-na-koberci-s-prateli\/","datePublished":"2022-09-10","dateModified":"2023-05-03","mainEntityOfPage":"https:\/\/www.gerards.cz\/piknik-na-koberci-s-prateli\/","author":{"@type":"Person","@id":"https:\/\/www.gerards.cz\/author\/#Person","name":"","url":"https:\/\/www.gerards.cz\/author\/","identifier":1,"image":{"@type":"ImageObject","@id":"https:\/\/secure.gravatar.com\/avatar\/70bfba35016f640cc40a20bdb6eeeb519f15df7de2446955eee0a1f10ed86e77?s=96&d=mm&r=g","url":"https:\/\/secure.gravatar.com\/avatar\/70bfba35016f640cc40a20bdb6eeeb519f15df7de2446955eee0a1f10ed86e77?s=96&d=mm&r=g","height":96,"width":96}},"publisher":{"@type":"Organization","name":"gerards.cz","logo":{"@type":"ImageObject","@id":"\/logo.png","url":"\/logo.png","width":600,"height":60}},"image":{"@type":"ImageObject","@id":"https:\/\/www.gerards.cz\/wp-content\/uploads\/carpet-g434ff80c0_640.jpg","url":"https:\/\/www.gerards.cz\/wp-content\/uploads\/carpet-g434ff80c0_640.jpg","height":0,"width":0},"keywords":null},{"@type":"Article","@id":"https:\/\/www.gerards.cz\/vlastni-web-vam-muze-zlepsit-financni-situaci\/","headline":"Vlastn\u00ed web v\u00e1m m\u016f\u017ee zlep\u0161it finan\u010dn\u00ed situaci","url":"https:\/\/www.gerards.cz\/vlastni-web-vam-muze-zlepsit-financni-situaci\/","datePublished":"2020-07-17","dateModified":"2020-07-17","mainEntityOfPage":"https:\/\/www.gerards.cz\/vlastni-web-vam-muze-zlepsit-financni-situaci\/","author":{"@type":"Person","@id":"https:\/\/www.gerards.cz\/author\/#Person","name":"","url":"https:\/\/www.gerards.cz\/author\/","identifier":1,"image":{"@type":"ImageObject","@id":"https:\/\/secure.gravatar.com\/avatar\/70bfba35016f640cc40a20bdb6eeeb519f15df7de2446955eee0a1f10ed86e77?s=96&d=mm&r=g","url":"https:\/\/secure.gravatar.com\/avatar\/70bfba35016f640cc40a20bdb6eeeb519f15df7de2446955eee0a1f10ed86e77?s=96&d=mm&r=g","height":96,"width":96}},"publisher":{"@type":"Organization","name":"gerards.cz","logo":{"@type":"ImageObject","@id":"\/logo.png","url":"\/logo.png","width":600,"height":60}},"image":{"@type":"ImageObject","@id":"https:\/\/www.gerards.cz\/wp-content\/uploads\/Digit%C3%A1ln%C3%AD%20marketing_2.jpg","url":"https:\/\/www.gerards.cz\/wp-content\/uploads\/Digit%C3%A1ln%C3%AD%20marketing_2.jpg","height":0,"width":0},"keywords":null}]}