[{"@context":"https:\/\/schema.org\/","@type":"Article","@id":"https:\/\/www.gerards.cz\/chcete-si-mit-kam-sednout\/#Article","mainEntityOfPage":"https:\/\/www.gerards.cz\/chcete-si-mit-kam-sednout\/","headline":"Chcete si m\u00edt kam sednout?","name":"Chcete si m\u00edt kam sednout?","description":"V\u0161imli jste si, \u017ee skoro ka\u017ed\u00e1 novostavba m\u00e1 pergolu? Je to velmi obl\u00edben\u00e9 m\u00edsto mnoha lid\u00ed, proto\u017ee si d\u00edky n\u00ed &hellip; ","datePublished":"2022-12-19","dateModified":"2023-12-19","author":{"@type":"Person","@id":"https:\/\/www.gerards.cz\/author\/#Person","name":"","url":"https:\/\/www.gerards.cz\/author\/","identifier":1,"image":{"@type":"ImageObject","@id":"https:\/\/secure.gravatar.com\/avatar\/70bfba35016f640cc40a20bdb6eeeb519f15df7de2446955eee0a1f10ed86e77?s=96&d=mm&r=g","url":"https:\/\/secure.gravatar.com\/avatar\/70bfba35016f640cc40a20bdb6eeeb519f15df7de2446955eee0a1f10ed86e77?s=96&d=mm&r=g","height":96,"width":96}},"publisher":{"@type":"Organization","name":"gerards.cz","logo":{"@type":"ImageObject","@id":"\/logo.png","url":"\/logo.png","width":600,"height":60}},"image":{"@type":"ImageObject","@id":"https:\/\/www.gerards.cz\/wp-content\/uploads\/pergola-96822_640_10_10_5.jpg","url":"https:\/\/www.gerards.cz\/wp-content\/uploads\/pergola-96822_640_10_10_5.jpg","height":0,"width":0},"url":"https:\/\/www.gerards.cz\/chcete-si-mit-kam-sednout\/","about":["V\u00fdrobky"],"wordCount":436,"articleBody":"         V\u0161imli jste si, \u017ee skoro ka\u017ed\u00e1 novostavba m\u00e1 pergolu? Je to velmi obl\u00edben\u00e9 m\u00edsto mnoha lid\u00ed, proto\u017ee si d\u00edky n\u00ed m\u016f\u017eete odpo\u010dinou p\u0159\u00edmo pod \u0161ir\u00fdm nebem, a p\u0159esto budete v suchu. D\u00e1 se pou\u017e\u00edvat celoro\u010dn\u011b &#8211; n\u011bkdo si ji vylep\u0161\u00ed nap\u0159\u00edklad l\u00e1tkov\u00fdmi roletami, zatop\u00ed si v n\u00ed, a d\u00edky tomu si v n\u00ed m\u016f\u017ee posed\u011bt i v zim\u011b. M\u00e1te sv\u016fj d\u016fm, a pergolu st\u00e1le ne? M\u016f\u017eete si ji objednat pr\u00e1v\u011b u n\u00e1s. V\u00fdrobou d\u0159ev\u011bn\u00fdch v\u00fdrobk\u016f se zab\u00fdv\u00e1me ji\u017e dlouho, a d\u00edky tomu jsou na\u0161e v\u00fdrobky na velmi vysok\u00e9 \u00farovni. Dod\u00e1v\u00e1me je jako stavebnici. Co to znamen\u00e1?&#8211; Na\u0161e v\u00fdrobky dod\u00e1v\u00e1me v demontu, co\u017e znamen\u00e1, \u017ee si je doma smontujete sami. Nemus\u00edte b\u00fdt nijak zvl\u00e1\u0161\u0165 zru\u010dn\u00ed, sta\u010d\u00ed v\u00e1m tro\u0161ka \u0161ikovnosti. Ur\u010dit\u011b to zvl\u00e1dnete. A pokud chcete m\u00edt jistotu, \u017ee budete m\u00edt v\u00fdrobek ukotven\u00fd a smontovan\u00fd na 100 %, nab\u00edz\u00edme z\u00e1kazn\u00edk\u016fm mo\u017enost mont\u00e1\u017ee na kl\u00ed\u010d. Cenu v\u00e1m r\u00e1di individu\u00e1ln\u011b spo\u010d\u00edt\u00e1me.&#8211; Jak\u00fdkoliv v\u00fdrobek dostanete zcela kompletn\u00ed, a to v\u010detn\u011b n\u00e1vodu. D\u00edky tomu si m\u016f\u017eete v\u0161echno smontovat na m\u00edst\u011b, ke v\u00e1to bude nejv\u00edc vyhovovat.Skv\u011bl\u00fdm v\u00fdrobkem jsou na\u0161e pergoly ke zdi domu. V\u011bt\u0161ina lid\u00ed vol\u00ed pr\u00e1v\u011b tento zp\u016fsob mont\u00e1\u017ee, proto\u017ee posezen\u00ed hned u domu je praktick\u00e9 z mnoha d\u016fvod\u016f, a nav\u00edc pergola u domu vypad\u00e1 velmi hezky. P\u0159\u00edrodn\u00ed d\u0159ev\u011bn\u00e1 pergola bude v\u017edycky hez\u010d\u00ed ne\u017e kovov\u00e1. Pokud zva\u017eujete n\u00e1kup pergoly, ur\u010dit\u011b byste m\u011bli zv\u00e1\u017eit pr\u00e1v\u011b pergolu od n\u00e1s.R\u00e1di v\u00e1m vyrob\u00edme nejen pergolu, ale i alt\u00e1n, z\u00e1st\u011bny \u010di t\u0159eba gar\u00e1\u017eov\u00e9 st\u00e1n\u00ed. Na\u0161e v\u00fdrobky spl\u0148uj\u00ed v\u0161echny bezpe\u010dnostn\u00ed standardy a ur\u010dit\u011b si na jejich p\u0159\u00edtomnost u sebe doma velmi rychle zvyknete. V\u0161echny d\u0159ev\u011bn\u00e9 komponenty maj\u00ed povrchovou \u00fapravu, aby nemohlo doj\u00edt ke zran\u011bn\u00ed, a kotven\u00ed do zem\u011b je pevn\u00e9. Na v\u00fdb\u011br m\u00e1te st\u0159e\u0161n\u00ed krytinu i ukotven\u00ed, tak\u017ee si vyberete u pergoly, alt\u00e1nu i st\u00e1n\u00ed pro auto takov\u00fd typ, kter\u00fd bude vyhovovat va\u0161im po\u017eadavk\u016fm. Vyberte si u n\u00e1s kvalitn\u00ed masivn\u00ed pergolu, kde bude radost posed\u011bt.                                                                                                                                                                                                                                                                                                                                                                                          4.4\/5 - (9 votes)        "},{"@context":"https:\/\/schema.org\/","@type":"BreadcrumbList","itemListElement":[{"@type":"ListItem","position":1,"name":"Chcete si m\u00edt kam sednout?","item":"https:\/\/www.gerards.cz\/chcete-si-mit-kam-sednout\/#breadcrumbitem"}]}]