{"@context":"https:\/\/schema.org\/","@type":"CollectionPage","@id":"https:\/\/www.gerards.cz\/deti\/#CollectionPage","headline":"D\u011bti Category","description":"","url":"https:\/\/www.gerards.cz\/deti\/","hasPart":[{"@type":"Article","@id":"https:\/\/www.gerards.cz\/vyrobte-adventni-kalendar-pro-sve-deti\/","headline":"Vyrobte adventn\u00ed kalend\u00e1\u0159 pro sv\u00e9 d\u011bti","url":"https:\/\/www.gerards.cz\/vyrobte-adventni-kalendar-pro-sve-deti\/","datePublished":"2022-06-25","dateModified":"2023-05-03","mainEntityOfPage":"https:\/\/www.gerards.cz\/vyrobte-adventni-kalendar-pro-sve-deti\/","author":{"@type":"Person","@id":"https:\/\/www.gerards.cz\/author\/#Person","name":"","url":"https:\/\/www.gerards.cz\/author\/","identifier":1,"image":{"@type":"ImageObject","@id":"https:\/\/secure.gravatar.com\/avatar\/70bfba35016f640cc40a20bdb6eeeb519f15df7de2446955eee0a1f10ed86e77?s=96&d=mm&r=g","url":"https:\/\/secure.gravatar.com\/avatar\/70bfba35016f640cc40a20bdb6eeeb519f15df7de2446955eee0a1f10ed86e77?s=96&d=mm&r=g","height":96,"width":96}},"publisher":{"@type":"Organization","name":"gerards.cz","logo":{"@type":"ImageObject","@id":"\/logo.png","url":"\/logo.png","width":600,"height":60}},"image":{"@type":"ImageObject","@id":"https:\/\/www.gerards.cz\/wp-content\/uploads\/pexels-laura-james-6102000.jpg","url":"https:\/\/www.gerards.cz\/wp-content\/uploads\/pexels-laura-james-6102000.jpg","height":0,"width":0},"keywords":null},{"@type":"Article","@id":"https:\/\/www.gerards.cz\/jak-na-detskou-seboreu\/","headline":"Jak na d\u011btskou seboreu?","url":"https:\/\/www.gerards.cz\/jak-na-detskou-seboreu\/","datePublished":"2022-06-11","dateModified":"2023-05-03","mainEntityOfPage":"https:\/\/www.gerards.cz\/jak-na-detskou-seboreu\/","author":{"@type":"Person","@id":"https:\/\/www.gerards.cz\/author\/#Person","name":"","url":"https:\/\/www.gerards.cz\/author\/","identifier":1,"image":{"@type":"ImageObject","@id":"https:\/\/secure.gravatar.com\/avatar\/70bfba35016f640cc40a20bdb6eeeb519f15df7de2446955eee0a1f10ed86e77?s=96&d=mm&r=g","url":"https:\/\/secure.gravatar.com\/avatar\/70bfba35016f640cc40a20bdb6eeeb519f15df7de2446955eee0a1f10ed86e77?s=96&d=mm&r=g","height":96,"width":96}},"publisher":{"@type":"Organization","name":"gerards.cz","logo":{"@type":"ImageObject","@id":"\/logo.png","url":"\/logo.png","width":600,"height":60}},"image":{"@type":"ImageObject","@id":"https:\/\/www.gerards.cz\/wp-content\/uploads\/baby-ga2e1e19ff_640_4.jpg","url":"https:\/\/www.gerards.cz\/wp-content\/uploads\/baby-ga2e1e19ff_640_4.jpg","height":0,"width":0},"keywords":null},{"@type":"Article","@id":"https:\/\/www.gerards.cz\/jak-pripravit-dite-na-prichod-sourozence\/","headline":"Jak p\u0159ipravit d\u00edt\u011b na p\u0159\u00edchod sourozence","url":"https:\/\/www.gerards.cz\/jak-pripravit-dite-na-prichod-sourozence\/","datePublished":"2022-05-02","dateModified":"2023-05-03","mainEntityOfPage":"https:\/\/www.gerards.cz\/jak-pripravit-dite-na-prichod-sourozence\/","author":{"@type":"Person","@id":"https:\/\/www.gerards.cz\/author\/#Person","name":"","url":"https:\/\/www.gerards.cz\/author\/","identifier":1,"image":{"@type":"ImageObject","@id":"https:\/\/secure.gravatar.com\/avatar\/70bfba35016f640cc40a20bdb6eeeb519f15df7de2446955eee0a1f10ed86e77?s=96&d=mm&r=g","url":"https:\/\/secure.gravatar.com\/avatar\/70bfba35016f640cc40a20bdb6eeeb519f15df7de2446955eee0a1f10ed86e77?s=96&d=mm&r=g","height":96,"width":96}},"publisher":{"@type":"Organization","name":"gerards.cz","logo":{"@type":"ImageObject","@id":"\/logo.png","url":"\/logo.png","width":600,"height":60}},"image":{"@type":"ImageObject","@id":"https:\/\/www.gerards.cz\/wp-content\/uploads\/th%20(1)_5.jpg","url":"https:\/\/www.gerards.cz\/wp-content\/uploads\/th%20(1)_5.jpg","height":0,"width":0},"keywords":null},{"@type":"Article","@id":"https:\/\/www.gerards.cz\/moje-radost\/","headline":"Moje radost","url":"https:\/\/www.gerards.cz\/moje-radost\/","datePublished":"2022-03-21","dateModified":"2022-03-21","mainEntityOfPage":"https:\/\/www.gerards.cz\/moje-radost\/","author":{"@type":"Person","@id":"https:\/\/www.gerards.cz\/author\/#Person","name":"","url":"https:\/\/www.gerards.cz\/author\/","identifier":1,"image":{"@type":"ImageObject","@id":"https:\/\/secure.gravatar.com\/avatar\/70bfba35016f640cc40a20bdb6eeeb519f15df7de2446955eee0a1f10ed86e77?s=96&d=mm&r=g","url":"https:\/\/secure.gravatar.com\/avatar\/70bfba35016f640cc40a20bdb6eeeb519f15df7de2446955eee0a1f10ed86e77?s=96&d=mm&r=g","height":96,"width":96}},"publisher":{"@type":"Organization","name":"gerards.cz","logo":{"@type":"ImageObject","@id":"\/logo.png","url":"\/logo.png","width":600,"height":60}},"image":{"@type":"ImageObject","@id":"https:\/\/www.gerards.cz\/wp-content\/uploads\/dite4_10_3.jpg","url":"https:\/\/www.gerards.cz\/wp-content\/uploads\/dite4_10_3.jpg","height":0,"width":0},"keywords":null}]}