[{"@context":"https:\/\/schema.org\/","@type":"Article","@id":"https:\/\/www.gerards.cz\/jste-solidni-zamestnavatel\/#Article","mainEntityOfPage":"https:\/\/www.gerards.cz\/jste-solidni-zamestnavatel\/","headline":"Jste solidn\u00ed zam\u011bstnavatel?","name":"Jste solidn\u00ed zam\u011bstnavatel?","description":"Ka\u017ed\u00e1 firma, kter\u00e1 m\u00e1 zam\u011bstnance, pot\u0159ebuje personalistu. Personalista ve velk\u00fdch firm\u00e1ch m\u016f\u017ee v\u00e9zt v\u00fdb\u011brov\u00e1 \u0159\u00edzen\u00ed, v t\u011bch men\u0161\u00edch si m\u016f\u017ee &hellip; ","datePublished":"2022-10-28","dateModified":"2023-05-03","author":{"@type":"Person","@id":"https:\/\/www.gerards.cz\/author\/#Person","name":"","url":"https:\/\/www.gerards.cz\/author\/","identifier":1,"image":{"@type":"ImageObject","@id":"https:\/\/secure.gravatar.com\/avatar\/70bfba35016f640cc40a20bdb6eeeb519f15df7de2446955eee0a1f10ed86e77?s=96&d=mm&r=g","url":"https:\/\/secure.gravatar.com\/avatar\/70bfba35016f640cc40a20bdb6eeeb519f15df7de2446955eee0a1f10ed86e77?s=96&d=mm&r=g","height":96,"width":96}},"publisher":{"@type":"Organization","name":"gerards.cz","logo":{"@type":"ImageObject","@id":"\/logo.png","url":"\/logo.png","width":600,"height":60}},"image":{"@type":"ImageObject","@id":"https:\/\/www.gerards.cz\/wp-content\/uploads\/laptop-gde745bc85_640.jpg","url":"https:\/\/www.gerards.cz\/wp-content\/uploads\/laptop-gde745bc85_640.jpg","height":0,"width":0},"url":"https:\/\/www.gerards.cz\/jste-solidni-zamestnavatel\/","about":["Byznys"],"wordCount":406,"articleBody":"       Ka\u017ed\u00e1 firma, kter\u00e1 m\u00e1 zam\u011bstnance, pot\u0159ebuje personalistu. Personalista ve velk\u00fdch firm\u00e1ch m\u016f\u017ee v\u00e9zt v\u00fdb\u011brov\u00e1 \u0159\u00edzen\u00ed, v t\u011bch men\u0161\u00edch si m\u016f\u017ee vyb\u00edrat sv\u00e9 zam\u011bstnance p\u0159\u00edmo majitel firmy. Ale personalistika je hlavn\u011b o jin\u00fdch v\u011bcech, o sepisov\u00e1n\u00ed smluv p\u0159i n\u00e1stupu do zam\u011bstn\u00e1n\u00ed nebo p\u0159i ukon\u010den\u00ed zam\u011bstnaneck\u00e9ho pom\u011bru, o p\u0159ihl\u00e1\u0161en\u00ed a odhl\u00e1\u0161en\u00ed zam\u011bstnance zdravotn\u00ed poji\u0161\u0165ovn\u011b a v neposledn\u00ed \u0159ad\u011b, aby zam\u011bstnanci dostali svou zaslou\u017eenou mzdu.Personalistika a mzdy, to jsou v\u011bci, kter\u00e9 mus\u00ed m\u00edt ka\u017ed\u00e1 firma v po\u0159\u00e1dku. Pokud nenahl\u00e1s\u00ed sv\u00e9 nov\u00e9 zam\u011bstnance na zdravotn\u00ed poji\u0161\u0165ovn\u011b, bude m\u00edt probl\u00e9my s \u00fa\u0159ady, a pokud zam\u011bstnanci nedostanou svou mzdu, tak budete m\u00edt probl\u00e9my s nimi a brzo m\u016f\u017eete b\u00fdt bez zam\u011bstnanc\u016f.Personalistika je hlavn\u011b hromada pap\u00edrov\u00e1n\u00ed a tu nem\u00e1 nikdo moc r\u00e1d, proto je nejjednodu\u0161\u0161\u00edm zp\u016fsobem najmout si firmu, kter\u00e1 se v\u00e1m o tyto z\u00e1le\u017eitosti bude starat. Personalistika Praha nab\u00edz\u00ed odborn\u00edky, kte\u0159\u00ed maj\u00ed znalosti a zku\u0161enosti, aby v\u0161e odpov\u00eddalo z\u00e1kon\u016fm v na\u0161\u00ed republice. Kdy\u017e se firma rozr\u016fst\u00e1, za\u010dne zam\u011bstn\u00e1vat v\u00edce a v\u00edce zam\u011bstnanc\u016f a v jist\u00e9m okam\u017eiku zjist\u00edte, \u017ee jich je tolik, \u017ee mus\u00edte najmou personalistu, kter\u00fd se o v\u0161echny v\u011bci, kter\u00e9 jsou se zam\u011bstnanci spojen\u00e9, profesion\u00e1ln\u011b postar\u00e1. Personalistika nen\u00ed to stejn\u00e9 jako \u00fa\u010detnictv\u00ed, personalistika je o va\u0161ich zam\u011bstnanc\u00edch a v\u011bcech kolem nich. Nejmen\u0161\u00ed mo\u017en\u00e1 firma, to bude firma o jednom \u010dlov\u011bku, kter\u00fd bude jak \u0159editel, tak zam\u011bstnanec. A ta nejv\u011bt\u0161\u00ed? Ta m\u016f\u017ee m\u00edt tis\u00edce zam\u011bstnanc\u016f, a t\u00edm p\u00e1dem bude m\u00edt obrovskou agendu. S ka\u017ed\u00fdm zam\u011bstnancem je spojena \u0159ada \u00fakon\u016f, kter\u00e9 je firma povinn\u00e1 prov\u00e1d\u011bt. P\u0159ijmout do sv\u00e9 firmy nov\u00e9ho zam\u011bstnance, tak si \u0159\u00e1dn\u011b p\u0159e\u010dtete jeho \u017eivotopis a zv\u00e1\u017e\u00edte, zda je vhodn\u00fd pro va\u0161i firmu a na dan\u00e9 pracovn\u00ed m\u00edsto. A naopak, zam\u011bstnanec p\u0159edpokl\u00e1d\u00e1, \u017ee jste solidn\u00ed zam\u011bstnavatel a ve\u0161ker\u00e9 n\u00e1le\u017eitosti jako pracovn\u00ed smlouva a platov\u00fd v\u00fdm\u011br budou zpracovan\u00e9 na profesion\u00e1ln\u00ed \u00farovni.                                                                                                                                                                                                                                                                                                                                                                                          3.1\/5 - (7 votes)        "},{"@context":"https:\/\/schema.org\/","@type":"BreadcrumbList","itemListElement":[{"@type":"ListItem","position":1,"name":"Jste solidn\u00ed zam\u011bstnavatel?","item":"https:\/\/www.gerards.cz\/jste-solidni-zamestnavatel\/#breadcrumbitem"}]}]