[{"@context":"https:\/\/schema.org\/","@type":"Article","@id":"https:\/\/www.gerards.cz\/klimatizace-do-bytu-je-zadouci-zejmena-ve-velkych-mestech\/#Article","mainEntityOfPage":"https:\/\/www.gerards.cz\/klimatizace-do-bytu-je-zadouci-zejmena-ve-velkych-mestech\/","headline":"Klimatizace do bytu je \u017e\u00e1douc\u00ed zejm\u00e9na ve velk\u00fdch m\u011bstech","name":"Klimatizace do bytu je \u017e\u00e1douc\u00ed zejm\u00e9na ve velk\u00fdch m\u011bstech","description":"Praha je p\u0159ekr\u00e1sn\u00e9 m\u011bsto pln\u00e9 historick\u00fdch pam\u00e1tek a p\u0159\u00edrodn\u00edch \u00fakaz\u016f, kter\u00e9 l\u00e1kaj\u00ed miliony lid\u00ed z cel\u00e9ho sv\u011bta. Ov\u0161em pr\u00e1v\u011b Praha &hellip; ","datePublished":"2022-10-25","dateModified":"2023-05-03","author":{"@type":"Person","@id":"https:\/\/www.gerards.cz\/author\/#Person","name":"","url":"https:\/\/www.gerards.cz\/author\/","identifier":1,"image":{"@type":"ImageObject","@id":"https:\/\/secure.gravatar.com\/avatar\/70bfba35016f640cc40a20bdb6eeeb519f15df7de2446955eee0a1f10ed86e77?s=96&d=mm&r=g","url":"https:\/\/secure.gravatar.com\/avatar\/70bfba35016f640cc40a20bdb6eeeb519f15df7de2446955eee0a1f10ed86e77?s=96&d=mm&r=g","height":96,"width":96}},"publisher":{"@type":"Organization","name":"gerards.cz","logo":{"@type":"ImageObject","@id":"\/logo.png","url":"\/logo.png","width":600,"height":60}},"image":{"@type":"ImageObject","@id":"https:\/\/www.gerards.cz\/wp-content\/uploads\/condenser-unit-gdb0927e9b_640.jpg","url":"https:\/\/www.gerards.cz\/wp-content\/uploads\/condenser-unit-gdb0927e9b_640.jpg","height":0,"width":0},"url":"https:\/\/www.gerards.cz\/klimatizace-do-bytu-je-zadouci-zejmena-ve-velkych-mestech\/","about":["V\u00fdrobky"],"wordCount":428,"articleBody":"   Praha je p\u0159ekr\u00e1sn\u00e9 m\u011bsto pln\u00e9 historick\u00fdch pam\u00e1tek a p\u0159\u00edrodn\u00edch \u00fakaz\u016f, kter\u00e9 l\u00e1kaj\u00ed miliony lid\u00ed z cel\u00e9ho sv\u011bta. Ov\u0161em pr\u00e1v\u011b Praha m\u00e1 i sv\u00e9 stinn\u00e9 str\u00e1nky a ty se projevuj\u00ed zejm\u00e9na v letn\u00edm obdob\u00ed. Jakmile toti\u017e ude\u0159\u00ed tropick\u00e1 vedra, mnoz\u00ed Pra\u017ean\u00e9 si v tu chv\u00edli p\u0159ej\u00ed b\u00fdt n\u011bkde u mo\u0159e, anebo je\u0161t\u011b l\u00e9pe v horsk\u00e9m ter\u00e9nu, kde je teplota alespo\u0148 o deset stup\u0148\u016f Celsia ni\u017e\u0161\u00ed.Vlny veder jsou v Praze, v pra\u017esk\u00fdch ulic\u00edch nesnesiteln\u00e9, je to d\u00e1no mimo jin\u00e9 i t\u00edm, \u017ee budovy l\u00e9pe akumuluj\u00ed slune\u010dn\u00ed z\u00e1\u0159en\u00ed, ne\u017e okoln\u00ed p\u0159\u00edroda, a \u017ee se tu t\u00edm p\u00e1dem v l\u00e9t\u011b zv\u00fd\u0161\u00ed teplota vzduchu je\u0161t\u011b o n\u011bjak\u00fdch p\u00e1r stup\u0148\u016f nav\u00edc. Budovy pak teplo s\u00e1laj\u00ed i v noci a pobyt v takov\u00e9m prost\u0159ed\u00ed m\u016f\u017ee mnoh\u00e9 z n\u00e1s i ohro\u017eovat na \u017eivot\u011b.Jednou z mo\u017enost\u00ed, jak se tomuto nep\u0159\u00edjemn\u00e9mu jevu vyhnout, je klimatizace do bytu v Praze. P\u0159ibl\u00ed\u017e\u00edte se t\u00edm optim\u00e1ln\u00ed teplot\u011b ovzdu\u0161\u00ed, kter\u00e1 pro lidsk\u00fd organismus spo\u010d\u00edv\u00e1 na hodnot\u00e1ch mezi 22 a 27 stupni Celsia. P\u0159i vy\u0161\u0161\u00edch teplot\u00e1ch ji\u017e na\u0161e t\u011blo sah\u00e1 do sv\u00fdch rezerv a zv\u00fd\u0161en\u00fdm pocen\u00edm vy\u010derp\u00e1v\u00e1 miner\u00e1ln\u00ed l\u00e1tky, proto je tak\u00e9 mus\u00edme \u010dast\u011bji dopl\u0148ovat bu\u010f ve form\u011b iontov\u00fdch n\u00e1poj\u016f, anebo miner\u00e1lek. Problematick\u00e9 je to zejm\u00e9na s ho\u0159\u010d\u00edkem, jeho\u017e deficit se projevuje velmi r\u016fznorod\u00fdmi p\u0159\u00edznaky a mnohdy ani nezaznamen\u00e1te, \u017ee m\u00e1te pr\u00e1v\u011b tento probl\u00e9m. \u00dabytek ho\u0159\u010d\u00edku pak tak\u00e9 m\u016f\u017ee b\u00fdt jednou z p\u0159\u00ed\u010din mozkov\u00e9 mrtvice a infarktu myokardu.Pobyt v klimatizovan\u00e9m prost\u0159ed\u00ed pom\u00e1h\u00e1 nejen zdrav\u00fdm lidem udr\u017eet se ve form\u011b a tak\u00e9 v noci dob\u0159e sp\u00e1t a regenerovat s\u00edly, je n\u00e1pomocn\u00fd zejm\u00e9na lidem s chronick\u00fdm onemocn\u011bn\u00edm, mal\u00fdm d\u011btem, lidem v seniorsk\u00e9m v\u011bku a t\u011bhotn\u00fdm \u017een\u00e1m. Tyto rizikov\u00e9 skupiny by m\u011bly b\u00fdt v l\u00e9t\u011b na sebe v\u00edce opatrn\u00e9 a m\u011bly by se vyh\u00fdbat prost\u0159ed\u00ed se zv\u00fd\u0161en\u00fdm v\u00fdskytem smogu a ne\u017e\u00e1douc\u00edch tzv. kladn\u00fdch iont\u016f, kter\u00e9 se vyskytuj\u00ed zejm\u00e9na v bl\u00edzkosti frekventovan\u00fdch silnic a v pr\u016fmyslov\u00fdch oblastech.                                                                                                                                                                                                                                                                                                                                                                                          4.6\/5 - (5 votes)        "},{"@context":"https:\/\/schema.org\/","@type":"BreadcrumbList","itemListElement":[{"@type":"ListItem","position":1,"name":"Klimatizace do bytu je \u017e\u00e1douc\u00ed zejm\u00e9na ve velk\u00fdch m\u011bstech","item":"https:\/\/www.gerards.cz\/klimatizace-do-bytu-je-zadouci-zejmena-ve-velkych-mestech\/#breadcrumbitem"}]}]