{"@context":"https:\/\/schema.org\/","@type":"CollectionPage","@id":"https:\/\/www.gerards.cz\/lifestyle\/#CollectionPage","headline":"Lifestyle Category","description":"","url":"https:\/\/www.gerards.cz\/lifestyle\/","hasPart":[{"@type":"Article","@id":"https:\/\/www.gerards.cz\/co-pro-nas-znamena-sluch\/","headline":"Co pro n\u00e1s znamen\u00e1 sluch","url":"https:\/\/www.gerards.cz\/co-pro-nas-znamena-sluch\/","datePublished":"2024-07-26","dateModified":"2024-07-26","mainEntityOfPage":"https:\/\/www.gerards.cz\/co-pro-nas-znamena-sluch\/","author":{"@type":"Person","@id":"https:\/\/www.gerards.cz\/author\/#Person","name":"","url":"https:\/\/www.gerards.cz\/author\/","identifier":1,"image":{"@type":"ImageObject","@id":"https:\/\/secure.gravatar.com\/avatar\/70bfba35016f640cc40a20bdb6eeeb519f15df7de2446955eee0a1f10ed86e77?s=96&d=mm&r=g","url":"https:\/\/secure.gravatar.com\/avatar\/70bfba35016f640cc40a20bdb6eeeb519f15df7de2446955eee0a1f10ed86e77?s=96&d=mm&r=g","height":96,"width":96}},"publisher":{"@type":"Organization","name":"gerards.cz","logo":{"@type":"ImageObject","@id":"\/logo.png","url":"\/logo.png","width":600,"height":60}},"image":{"@type":"ImageObject","@id":"https:\/\/www.gerards.cz\/wp-content\/uploads\/poslouchat.jpg","url":"https:\/\/www.gerards.cz\/wp-content\/uploads\/poslouchat.jpg","height":0,"width":0},"keywords":null},{"@type":"Article","@id":"https:\/\/www.gerards.cz\/proc-darovat-sperk-z-mineralnich-kamenu\/","headline":"Pro\u010d darovat \u0161perk z miner\u00e1ln\u00edch kamen\u016f?","url":"https:\/\/www.gerards.cz\/proc-darovat-sperk-z-mineralnich-kamenu\/","datePublished":"2022-09-30","dateModified":"2023-09-13","mainEntityOfPage":"https:\/\/www.gerards.cz\/proc-darovat-sperk-z-mineralnich-kamenu\/","author":{"@type":"Person","@id":"https:\/\/www.gerards.cz\/author\/#Person","name":"","url":"https:\/\/www.gerards.cz\/author\/","identifier":1,"image":{"@type":"ImageObject","@id":"https:\/\/secure.gravatar.com\/avatar\/70bfba35016f640cc40a20bdb6eeeb519f15df7de2446955eee0a1f10ed86e77?s=96&d=mm&r=g","url":"https:\/\/secure.gravatar.com\/avatar\/70bfba35016f640cc40a20bdb6eeeb519f15df7de2446955eee0a1f10ed86e77?s=96&d=mm&r=g","height":96,"width":96}},"publisher":{"@type":"Organization","name":"gerards.cz","logo":{"@type":"ImageObject","@id":"\/logo.png","url":"\/logo.png","width":600,"height":60}},"image":{"@type":"ImageObject","@id":"https:\/\/www.gerards.cz\/wp-content\/uploads\/tibet-g0318fdc8e_640.jpg","url":"https:\/\/www.gerards.cz\/wp-content\/uploads\/tibet-g0318fdc8e_640.jpg","height":0,"width":0},"keywords":null},{"@type":"Article","@id":"https:\/\/www.gerards.cz\/prinasi-ruzne-lifestylove-magaziny-dobre-rady-a-tipy\/","headline":"P\u0159in\u00e1\u0161\u00ed r\u016fzn\u00e9 lifestylov\u00e9 magaz\u00edny dobr\u00e9 rady a tipy?","url":"https:\/\/www.gerards.cz\/prinasi-ruzne-lifestylove-magaziny-dobre-rady-a-tipy\/","datePublished":"2022-07-03","dateModified":"2023-05-03","mainEntityOfPage":"https:\/\/www.gerards.cz\/prinasi-ruzne-lifestylove-magaziny-dobre-rady-a-tipy\/","author":{"@type":"Person","@id":"https:\/\/www.gerards.cz\/author\/#Person","name":"","url":"https:\/\/www.gerards.cz\/author\/","identifier":1,"image":{"@type":"ImageObject","@id":"https:\/\/secure.gravatar.com\/avatar\/70bfba35016f640cc40a20bdb6eeeb519f15df7de2446955eee0a1f10ed86e77?s=96&d=mm&r=g","url":"https:\/\/secure.gravatar.com\/avatar\/70bfba35016f640cc40a20bdb6eeeb519f15df7de2446955eee0a1f10ed86e77?s=96&d=mm&r=g","height":96,"width":96}},"publisher":{"@type":"Organization","name":"gerards.cz","logo":{"@type":"ImageObject","@id":"\/logo.png","url":"\/logo.png","width":600,"height":60}},"image":{"@type":"ImageObject","@id":"https:\/\/www.gerards.cz\/wp-content\/uploads\/casopis1.jpg","url":"https:\/\/www.gerards.cz\/wp-content\/uploads\/casopis1.jpg","height":0,"width":0},"keywords":null},{"@type":"Article","@id":"https:\/\/www.gerards.cz\/chcete-nejak-ozivit-svou-cteci-rodinu-usporadejte-si-cteci-vyzvu\/","headline":"Chcete n\u011bjak o\u017eivit svou \u010dtec\u00ed rodinu? Uspo\u0159\u00e1dejte si \u010dtec\u00ed v\u00fdzvu!","url":"https:\/\/www.gerards.cz\/chcete-nejak-ozivit-svou-cteci-rodinu-usporadejte-si-cteci-vyzvu\/","datePublished":"2022-05-04","dateModified":"2022-05-04","mainEntityOfPage":"https:\/\/www.gerards.cz\/chcete-nejak-ozivit-svou-cteci-rodinu-usporadejte-si-cteci-vyzvu\/","author":{"@type":"Person","@id":"https:\/\/www.gerards.cz\/author\/#Person","name":"","url":"https:\/\/www.gerards.cz\/author\/","identifier":1,"image":{"@type":"ImageObject","@id":"https:\/\/secure.gravatar.com\/avatar\/70bfba35016f640cc40a20bdb6eeeb519f15df7de2446955eee0a1f10ed86e77?s=96&d=mm&r=g","url":"https:\/\/secure.gravatar.com\/avatar\/70bfba35016f640cc40a20bdb6eeeb519f15df7de2446955eee0a1f10ed86e77?s=96&d=mm&r=g","height":96,"width":96}},"publisher":{"@type":"Organization","name":"gerards.cz","logo":{"@type":"ImageObject","@id":"\/logo.png","url":"\/logo.png","width":600,"height":60}},"image":{"@type":"ImageObject","@id":"https:\/\/www.gerards.cz\/wp-content\/uploads\/pexels-yaroslav-shuraev-5084674.jpg","url":"https:\/\/www.gerards.cz\/wp-content\/uploads\/pexels-yaroslav-shuraev-5084674.jpg","height":0,"width":0},"keywords":null},{"@type":"Article","@id":"https:\/\/www.gerards.cz\/zakladni-body-jak-dodrzovat-zdravy-zivotni-styl\/","headline":"Z\u00e1kladn\u00ed body jak dodr\u017eovat zdrav\u00fd \u017eivotn\u00ed styl","url":"https:\/\/www.gerards.cz\/zakladni-body-jak-dodrzovat-zdravy-zivotni-styl\/","datePublished":"2022-03-30","dateModified":"2022-03-30","mainEntityOfPage":"https:\/\/www.gerards.cz\/zakladni-body-jak-dodrzovat-zdravy-zivotni-styl\/","author":{"@type":"Person","@id":"https:\/\/www.gerards.cz\/author\/#Person","name":"","url":"https:\/\/www.gerards.cz\/author\/","identifier":1,"image":{"@type":"ImageObject","@id":"https:\/\/secure.gravatar.com\/avatar\/70bfba35016f640cc40a20bdb6eeeb519f15df7de2446955eee0a1f10ed86e77?s=96&d=mm&r=g","url":"https:\/\/secure.gravatar.com\/avatar\/70bfba35016f640cc40a20bdb6eeeb519f15df7de2446955eee0a1f10ed86e77?s=96&d=mm&r=g","height":96,"width":96}},"publisher":{"@type":"Organization","name":"gerards.cz","logo":{"@type":"ImageObject","@id":"\/logo.png","url":"\/logo.png","width":600,"height":60}},"image":{"@type":"ImageObject","@id":"https:\/\/www.gerards.cz\/wp-content\/uploads\/coffee-2390136_960_720.jpg","url":"https:\/\/www.gerards.cz\/wp-content\/uploads\/coffee-2390136_960_720.jpg","height":0,"width":0},"keywords":null}]}