[{"@context":"https:\/\/schema.org\/","@type":"Article","@id":"https:\/\/www.gerards.cz\/mobil-dnes-a-zitra\/#Article","mainEntityOfPage":"https:\/\/www.gerards.cz\/mobil-dnes-a-zitra\/","headline":"Mobil dnes a z\u00edtra","name":"Mobil dnes a z\u00edtra","description":"Mysl\u00edte si, \u017ee s mobiln\u00edm telefonem je to o dost leh\u010d\u00ed? Taky si vzpom\u00edn\u00e1te na doby, kdy v\u016fbec nebyl popul\u00e1rn\u00ed &hellip; ","datePublished":"2022-06-08","dateModified":"2023-05-03","author":{"@type":"Person","@id":"https:\/\/www.gerards.cz\/author\/#Person","name":"","url":"https:\/\/www.gerards.cz\/author\/","identifier":1,"image":{"@type":"ImageObject","@id":"https:\/\/secure.gravatar.com\/avatar\/70bfba35016f640cc40a20bdb6eeeb519f15df7de2446955eee0a1f10ed86e77?s=96&d=mm&r=g","url":"https:\/\/secure.gravatar.com\/avatar\/70bfba35016f640cc40a20bdb6eeeb519f15df7de2446955eee0a1f10ed86e77?s=96&d=mm&r=g","height":96,"width":96}},"publisher":{"@type":"Organization","name":"gerards.cz","logo":{"@type":"ImageObject","@id":"\/logo.png","url":"\/logo.png","width":600,"height":60}},"image":{"@type":"ImageObject","@id":"https:\/\/www.gerards.cz\/wp-content\/uploads\/call-15828_960_720.jpg","url":"https:\/\/www.gerards.cz\/wp-content\/uploads\/call-15828_960_720.jpg","height":0,"width":0},"url":"https:\/\/www.gerards.cz\/mobil-dnes-a-zitra\/","about":["Mobil"],"wordCount":423,"articleBody":"Mysl\u00edte si, \u017ee s mobiln\u00edm telefonem je to o dost leh\u010d\u00ed? Taky si vzpom\u00edn\u00e1te na doby, kdy v\u016fbec nebyl popul\u00e1rn\u00ed mobil? J\u00e1 ano. A j\u00e1 jsem toti\u017e vyr\u016fstala je\u0161t\u011b na\u0161t\u011bst\u00ed v t\u00e9 dob\u011b, kdy nebyly v\u016fbec mobiln\u00ed telefony. A vy se jist\u011b div\u00edte, pro\u010d \u0159\u00edk\u00e1m, \u017ee jsem m\u011bla \u0161t\u011bst\u00ed, \u017ee jsem vyr\u016fstala v dob\u011b bez mobilu. Ano, je to tak, proto\u017ee jsem alespo\u0148 m\u011bla \u010das na sv\u00e9 kamar\u00e1dy. A vy si asi \u0159\u00edk\u00e1te, \u017ee taky m\u00e1te na sv\u00e9 kamar\u00e1dy \u010das, i kdy\u017e m\u00e1te mobiln\u00ed telefon. To je sice pravda, ale mus\u00edme v\u0161ichni uznat, \u017ee bez mobilu to p\u0159\u00e1telstv\u00ed s d\u011btmi a dosp\u011bl\u00fdmi bylo lep\u0161\u00ed. A nebylo n\u011bco\u00a0online, ale bylo to v\u0161echno na \u017eivot. Z o\u010d\u00ed do o\u010d\u00ed. \u0158\u00edk\u00e1 se, \u017ee p\u0159\u00e1telstv\u00ed na\u017eivo je opravdu lep\u0161\u00ed ne\u017e si jenom pouze s n\u011bk\u00fdm ps\u00e1t p\u0159es po\u010d\u00edta\u010d anebo p\u0159es mobil. J\u00e1 sama jsem byla v\u017edycky zast\u00e1ncem toho, \u017ee lid\u00e9 se maj\u00ed potk\u00e1vat spolu osobn\u011b tv\u00e1\u0159\u00ed tv\u00e1\u0159, a ne p\u0159es po\u010d\u00edta\u010d anebo\u00a0online\u00a0p\u0159es mobil. Ano, mobiln\u00ed telefony jsou perfektn\u00ed v tom, \u017ee n\u00e1s spojuj\u00ed.\u017de n\u00e1s spoj\u00ed b\u011bhem chvili\u010dky. Ale zase je nev\u00fdhoda to, \u017ee lid\u00e9 nejrad\u011bji sed\u00ed pouze jenom doma a volaj\u00ed si. To pak taky tloustnou a jenom sed\u00ed doma na zadku a nic ned\u011blaj\u00ed. D\u0159\u00edve to bylo lep\u0161\u00ed. Pamatuji si, \u017ee kdy\u017e jsem t\u0159eba cht\u011bla j\u00edt ven, tak jsem musela se zastavit za kamar\u00e1dkou dom\u016f, proto\u017ee jsem j\u00ed nemohla, jak zavolat. A my jako d\u011bti jsme doma nem\u011bly u rodi\u010d\u016f ani pevnou linku. Nato\u017e n\u011bjak\u00e9 mobiln\u00ed telefony. Sv\u016fj prvn\u00ed mobiln\u00ed telefon jsem m\u011bla ve sv\u00fdch sedmn\u00e1cti letech a dostala jsem ho k narozenin\u00e1m. Byla jsem opravdu nad\u0161en\u00e1, proto\u017ee v ulici jsem byla jako prvn\u00ed d\u00edt\u011b, kdo m\u011bl mobiln\u00ed telefon. A vy si t\u0159eba\u00a0pamatujete\u00a0na sv\u016fj prvn\u00ed mobiln\u00ed\u00a0telefon? Mysl\u00edm si, \u017ee d\u0159\u00edve to byly takov\u00e9 mobily,\u00a0\u017ee\u00a0m\u011bly je\u0161t\u011b takovou tu pov\u011bstnou\u00a0ant\u00e9nu\u00a0a nedaly se\u00a0v\u016fbec\u00a0nosit v kapse u kalhot. A taky si pamatuji, jak jsem m\u011bla mobil, ale st\u00e1le v n\u011bm nebyl\u00a0kredit. tak\u017ee jsem m\u011bla mobil sp\u00ed\u0161e jenom na ozdobu.\u00a0                                                                                                                                                                                                                                                                                                                                                                                        4.2\/5 - (11 votes)        "},{"@context":"https:\/\/schema.org\/","@type":"BreadcrumbList","itemListElement":[{"@type":"ListItem","position":1,"name":"Mobil dnes a z\u00edtra","item":"https:\/\/www.gerards.cz\/mobil-dnes-a-zitra\/#breadcrumbitem"}]}]