[{"@context":"https:\/\/schema.org\/","@type":"Article","@id":"https:\/\/www.gerards.cz\/mobil-i-pro-deti\/#Article","mainEntityOfPage":"https:\/\/www.gerards.cz\/mobil-i-pro-deti\/","headline":"Mobil i pro d\u011bti","name":"Mobil i pro d\u011bti","description":"Vzpom\u00edn\u00e1m si na sv\u016fj prvn\u00ed mobiln\u00ed telefon, kter\u00fd byl takov\u00fd \u0161kared\u00fd a kdy\u017e to tak vezmu, tak jsem \u00fapln\u011b v\u011bd\u011bla, &hellip; ","datePublished":"2022-06-27","dateModified":"2023-05-03","author":{"@type":"Person","@id":"https:\/\/www.gerards.cz\/author\/#Person","name":"","url":"https:\/\/www.gerards.cz\/author\/","identifier":1,"image":{"@type":"ImageObject","@id":"https:\/\/secure.gravatar.com\/avatar\/70bfba35016f640cc40a20bdb6eeeb519f15df7de2446955eee0a1f10ed86e77?s=96&d=mm&r=g","url":"https:\/\/secure.gravatar.com\/avatar\/70bfba35016f640cc40a20bdb6eeeb519f15df7de2446955eee0a1f10ed86e77?s=96&d=mm&r=g","height":96,"width":96}},"publisher":{"@type":"Organization","name":"gerards.cz","logo":{"@type":"ImageObject","@id":"\/logo.png","url":"\/logo.png","width":600,"height":60}},"image":{"@type":"ImageObject","@id":"https:\/\/www.gerards.cz\/wp-content\/uploads\/iphone-563069_960_720_1.jpg","url":"https:\/\/www.gerards.cz\/wp-content\/uploads\/iphone-563069_960_720_1.jpg","height":0,"width":0},"url":"https:\/\/www.gerards.cz\/mobil-i-pro-deti\/","about":["Mobil"],"wordCount":410,"articleBody":"Vzpom\u00edn\u00e1m si na sv\u016fj prvn\u00ed mobiln\u00ed telefon, kter\u00fd byl takov\u00fd \u0161kared\u00fd a kdy\u017e to tak vezmu, tak jsem \u00fapln\u011b v\u011bd\u011bla, \u017ee to nen\u00ed \u00fapln\u011b nov\u00fd mobiln\u00ed telefon. Byl to u\u017e jet\u00fd mobiln\u00ed telefon, byl z druh\u00e9 ruky. Byla jsem docela zklaman\u00e1, proto\u017ee m\u016fj otec mi \u0159ekl, \u017ee mi po\u0159\u00edd\u00ed opravdu skv\u011bl\u00fd mobiln\u00ed telefon, se kter\u00fdm budu opravdu nadm\u00edru spokojen\u00e1, ale bohu\u017eel to tak ale nebylo. Byla jsem sp\u00ed\u0161e zklaman\u00e1, proto\u017ee v t\u00e9 dob\u011b, kdy jsem dostala od otce mobiln\u00ed telefon, tak mobiln\u00ed telefony u\u017e byly tak roz\u0161\u00ed\u0159en\u00e9, \u017ee nebylo v\u00fdjimkou, \u017ee i mal\u00e9 d\u011bti m\u011bly mobiln\u00ed telefon t\u0159eba v cen\u011b deset tis\u00edc korun. A j\u00e1 jsem dostala z druh\u00e9 ruky mobiln\u00ed telefon, kter\u00fd st\u00e1l sotva dva tis\u00edce korun. Te\u010f sice mi samoz\u0159ejm\u011b nejde o cenu, ale \u0161lo mi sp\u00ed\u0161e o to, aby se mi kamar\u00e1di nesm\u00e1li. V\u0161ichni v\u00edme, \u017ee dorostenci jsou takov\u00ed, \u017ee se v\u011bt\u0161inou t\u011bm druh\u00fdm d\u011btem sm\u011bj\u00ed, kdy\u017e maj\u00ed n\u011bco jin\u00e9ho anebo nekvalitn\u00edho. A jak jsem \u0159ekla, tak jsem taky tak dopadla. Bohu\u017eel se mi d\u011bti sm\u00e1ly, \u017ee m\u00e1m takov\u00fd star\u00fd opr\u00fdskan\u00fd mobiln\u00ed telefon, kter\u00fd nestoj\u00ed ani za \u0159e\u010d.Byla jsem z toho samoz\u0159ejm\u011b ne\u0161\u0165astn\u00e1 a nejhor\u0161\u00ed na tom bylo, \u017ee j\u00e1 jsem tohle v\u011bd\u011bla. V\u011bd\u011bla jsem, \u017ee m\u016fj mobiln\u00ed telefon je na nic. A taky m\u011b hodn\u011b mrzelo, \u017ee m\u016fj otec na m\u011b \u0161et\u0159\u00ed, tak\u017ee mi nepo\u0159\u00eddit v\u016fbec \u017e\u00e1dn\u00fd kvalitn\u00ed mobiln\u00ed telefon. Sv\u011b\u0159ila jsem se mamince, kter\u00e9 to taky bylo l\u00edto, ale moje maminka nem\u011bla moc pen\u011bz, tak\u017ee mi mobiln\u00ed telefon nemohla po\u0159\u00eddit. Na\u0161i rodi\u010de byli toti\u017e rozveden\u00ed, tak\u017ee to taky tak vypadalo. A otec byl v\u017edycky bohat\u0161\u00ed, ale taky to d\u00e1v\u00e1 najevo t\u00edm, \u017ee sp\u00ed\u0161e utr\u00e1cel ve spole\u010dnosti mezi kamar\u00e1dy, ale \u017ee by koupil n\u011bco lep\u0161\u00edho m\u011b, tak to v\u016fbec ne. A opravdu hodn\u011b m\u011b to mrzelo. Je hodn\u011b lid\u00ed, kte\u0159\u00ed maj\u00ed hodn\u011b pen\u011bz, ale necht\u011bj\u00ed n\u011bkomu druh\u00e9mu kupovat drah\u00e9 v\u011bci. Jako t\u0159eba mobil. A to ani ne vlastn\u00ed rodin\u011b nebo d\u011btem. Ale sly\u0161ela jsem, \u017ee je mnoho rodin, kter\u00e9 nedr\u017e\u00ed bohu\u017eel pospolu.                                                                                                                                                                                                                                                                                                                                                                                        4.2\/5 - (10 votes)        "},{"@context":"https:\/\/schema.org\/","@type":"BreadcrumbList","itemListElement":[{"@type":"ListItem","position":1,"name":"Mobil i pro d\u011bti","item":"https:\/\/www.gerards.cz\/mobil-i-pro-deti\/#breadcrumbitem"}]}]