{"@context":"https:\/\/schema.org\/","@type":"CollectionPage","@id":"https:\/\/www.gerards.cz\/mobil\/#CollectionPage","headline":"Mobil Category","description":"","url":"https:\/\/www.gerards.cz\/mobil\/","hasPart":[{"@type":"Article","@id":"https:\/\/www.gerards.cz\/lacina-elektrina\/","headline":"Lacin\u00e1 elekt\u0159ina","url":"https:\/\/www.gerards.cz\/lacina-elektrina\/","datePublished":"2025-02-20","dateModified":"2025-02-20","mainEntityOfPage":"https:\/\/www.gerards.cz\/lacina-elektrina\/","author":{"@type":"Person","@id":"https:\/\/www.gerards.cz\/author\/#Person","name":"","url":"https:\/\/www.gerards.cz\/author\/","identifier":1,"image":{"@type":"ImageObject","@id":"https:\/\/secure.gravatar.com\/avatar\/70bfba35016f640cc40a20bdb6eeeb519f15df7de2446955eee0a1f10ed86e77?s=96&d=mm&r=g","url":"https:\/\/secure.gravatar.com\/avatar\/70bfba35016f640cc40a20bdb6eeeb519f15df7de2446955eee0a1f10ed86e77?s=96&d=mm&r=g","height":96,"width":96}},"publisher":{"@type":"Organization","name":"gerards.cz","logo":{"@type":"ImageObject","@id":"\/logo.png","url":"\/logo.png","width":600,"height":60}},"image":{"@type":"ImageObject","@id":"https:\/\/www.gerards.cz\/wp-content\/uploads\/piggy-bank-850607_640_7.jpg","url":"https:\/\/www.gerards.cz\/wp-content\/uploads\/piggy-bank-850607_640_7.jpg","height":0,"width":0},"keywords":null},{"@type":"Article","@id":"https:\/\/www.gerards.cz\/vychutnejte-si-ji\/","headline":"Vychutnejte si ji","url":"https:\/\/www.gerards.cz\/vychutnejte-si-ji\/","datePublished":"2024-12-24","dateModified":"2024-12-24","mainEntityOfPage":"https:\/\/www.gerards.cz\/vychutnejte-si-ji\/","author":{"@type":"Person","@id":"https:\/\/www.gerards.cz\/author\/#Person","name":"","url":"https:\/\/www.gerards.cz\/author\/","identifier":1,"image":{"@type":"ImageObject","@id":"https:\/\/secure.gravatar.com\/avatar\/70bfba35016f640cc40a20bdb6eeeb519f15df7de2446955eee0a1f10ed86e77?s=96&d=mm&r=g","url":"https:\/\/secure.gravatar.com\/avatar\/70bfba35016f640cc40a20bdb6eeeb519f15df7de2446955eee0a1f10ed86e77?s=96&d=mm&r=g","height":96,"width":96}},"publisher":{"@type":"Organization","name":"gerards.cz","logo":{"@type":"ImageObject","@id":"\/logo.png","url":"\/logo.png","width":600,"height":60}},"image":{"@type":"ImageObject","@id":"https:\/\/www.gerards.cz\/wp-content\/uploads\/shisha-3741794_640_10_7.jpg","url":"https:\/\/www.gerards.cz\/wp-content\/uploads\/shisha-3741794_640_10_7.jpg","height":0,"width":0},"keywords":null},{"@type":"Article","@id":"https:\/\/www.gerards.cz\/bradavky-jako-symbol-zenskosti-aneb-jake-to-je-bez-podprsenky\/","headline":"Bradavky jako symbol \u017eenskosti aneb jak\u00e9 to je bez podprsenky","url":"https:\/\/www.gerards.cz\/bradavky-jako-symbol-zenskosti-aneb-jake-to-je-bez-podprsenky\/","datePublished":"2023-07-07","dateModified":"2023-07-07","mainEntityOfPage":"https:\/\/www.gerards.cz\/bradavky-jako-symbol-zenskosti-aneb-jake-to-je-bez-podprsenky\/","author":{"@type":"Person","@id":"https:\/\/www.gerards.cz\/author\/#Person","name":"","url":"https:\/\/www.gerards.cz\/author\/","identifier":1,"image":{"@type":"ImageObject","@id":"https:\/\/secure.gravatar.com\/avatar\/70bfba35016f640cc40a20bdb6eeeb519f15df7de2446955eee0a1f10ed86e77?s=96&d=mm&r=g","url":"https:\/\/secure.gravatar.com\/avatar\/70bfba35016f640cc40a20bdb6eeeb519f15df7de2446955eee0a1f10ed86e77?s=96&d=mm&r=g","height":96,"width":96}},"publisher":{"@type":"Organization","name":"gerards.cz","logo":{"@type":"ImageObject","@id":"\/logo.png","url":"\/logo.png","width":600,"height":60}},"image":{"@type":"ImageObject","@id":"https:\/\/www.gerards.cz\/wp-content\/uploads\/a_10_8.jpg","url":"https:\/\/www.gerards.cz\/wp-content\/uploads\/a_10_8.jpg","height":0,"width":0},"keywords":null},{"@type":"Article","@id":"https:\/\/www.gerards.cz\/proc-ceny-mobilnich-telefonu-tak-rychle-klesaji\/","headline":"Pro\u010d ceny mobiln\u00edch telefon\u016f tak rychle klesaj\u00ed","url":"https:\/\/www.gerards.cz\/proc-ceny-mobilnich-telefonu-tak-rychle-klesaji\/","datePublished":"2022-08-31","dateModified":"2023-05-03","mainEntityOfPage":"https:\/\/www.gerards.cz\/proc-ceny-mobilnich-telefonu-tak-rychle-klesaji\/","author":{"@type":"Person","@id":"https:\/\/www.gerards.cz\/author\/#Person","name":"","url":"https:\/\/www.gerards.cz\/author\/","identifier":1,"image":{"@type":"ImageObject","@id":"https:\/\/secure.gravatar.com\/avatar\/70bfba35016f640cc40a20bdb6eeeb519f15df7de2446955eee0a1f10ed86e77?s=96&d=mm&r=g","url":"https:\/\/secure.gravatar.com\/avatar\/70bfba35016f640cc40a20bdb6eeeb519f15df7de2446955eee0a1f10ed86e77?s=96&d=mm&r=g","height":96,"width":96}},"publisher":{"@type":"Organization","name":"gerards.cz","logo":{"@type":"ImageObject","@id":"\/logo.png","url":"\/logo.png","width":600,"height":60}},"image":{"@type":"ImageObject","@id":"https:\/\/www.gerards.cz\/wp-content\/uploads\/mobil7_4.jpg","url":"https:\/\/www.gerards.cz\/wp-content\/uploads\/mobil7_4.jpg","height":0,"width":0},"keywords":null},{"@type":"Article","@id":"https:\/\/www.gerards.cz\/mobil-i-pro-deti\/","headline":"Mobil i pro d\u011bti","url":"https:\/\/www.gerards.cz\/mobil-i-pro-deti\/","datePublished":"2022-06-27","dateModified":"2023-05-03","mainEntityOfPage":"https:\/\/www.gerards.cz\/mobil-i-pro-deti\/","author":{"@type":"Person","@id":"https:\/\/www.gerards.cz\/author\/#Person","name":"","url":"https:\/\/www.gerards.cz\/author\/","identifier":1,"image":{"@type":"ImageObject","@id":"https:\/\/secure.gravatar.com\/avatar\/70bfba35016f640cc40a20bdb6eeeb519f15df7de2446955eee0a1f10ed86e77?s=96&d=mm&r=g","url":"https:\/\/secure.gravatar.com\/avatar\/70bfba35016f640cc40a20bdb6eeeb519f15df7de2446955eee0a1f10ed86e77?s=96&d=mm&r=g","height":96,"width":96}},"publisher":{"@type":"Organization","name":"gerards.cz","logo":{"@type":"ImageObject","@id":"\/logo.png","url":"\/logo.png","width":600,"height":60}},"image":{"@type":"ImageObject","@id":"https:\/\/www.gerards.cz\/wp-content\/uploads\/iphone-563069_960_720_1.jpg","url":"https:\/\/www.gerards.cz\/wp-content\/uploads\/iphone-563069_960_720_1.jpg","height":0,"width":0},"keywords":null},{"@type":"Article","@id":"https:\/\/www.gerards.cz\/mobil-dnes-a-zitra\/","headline":"Mobil dnes a z\u00edtra","url":"https:\/\/www.gerards.cz\/mobil-dnes-a-zitra\/","datePublished":"2022-06-08","dateModified":"2023-05-03","mainEntityOfPage":"https:\/\/www.gerards.cz\/mobil-dnes-a-zitra\/","author":{"@type":"Person","@id":"https:\/\/www.gerards.cz\/author\/#Person","name":"","url":"https:\/\/www.gerards.cz\/author\/","identifier":1,"image":{"@type":"ImageObject","@id":"https:\/\/secure.gravatar.com\/avatar\/70bfba35016f640cc40a20bdb6eeeb519f15df7de2446955eee0a1f10ed86e77?s=96&d=mm&r=g","url":"https:\/\/secure.gravatar.com\/avatar\/70bfba35016f640cc40a20bdb6eeeb519f15df7de2446955eee0a1f10ed86e77?s=96&d=mm&r=g","height":96,"width":96}},"publisher":{"@type":"Organization","name":"gerards.cz","logo":{"@type":"ImageObject","@id":"\/logo.png","url":"\/logo.png","width":600,"height":60}},"image":{"@type":"ImageObject","@id":"https:\/\/www.gerards.cz\/wp-content\/uploads\/call-15828_960_720.jpg","url":"https:\/\/www.gerards.cz\/wp-content\/uploads\/call-15828_960_720.jpg","height":0,"width":0},"keywords":null},{"@type":"Article","@id":"https:\/\/www.gerards.cz\/prace-je-u-kterych-je-vas-pracovni-nastroj-mobil\/","headline":"Pr\u00e1ce je, u kter\u00fdch je v\u00e1\u0161 pracovn\u00ed n\u00e1stroj mobil","url":"https:\/\/www.gerards.cz\/prace-je-u-kterych-je-vas-pracovni-nastroj-mobil\/","datePublished":"2022-05-06","dateModified":"2022-05-06","mainEntityOfPage":"https:\/\/www.gerards.cz\/prace-je-u-kterych-je-vas-pracovni-nastroj-mobil\/","author":{"@type":"Person","@id":"https:\/\/www.gerards.cz\/author\/#Person","name":"","url":"https:\/\/www.gerards.cz\/author\/","identifier":1,"image":{"@type":"ImageObject","@id":"https:\/\/secure.gravatar.com\/avatar\/70bfba35016f640cc40a20bdb6eeeb519f15df7de2446955eee0a1f10ed86e77?s=96&d=mm&r=g","url":"https:\/\/secure.gravatar.com\/avatar\/70bfba35016f640cc40a20bdb6eeeb519f15df7de2446955eee0a1f10ed86e77?s=96&d=mm&r=g","height":96,"width":96}},"publisher":{"@type":"Organization","name":"gerards.cz","logo":{"@type":"ImageObject","@id":"\/logo.png","url":"\/logo.png","width":600,"height":60}},"image":{"@type":"ImageObject","@id":"https:\/\/www.gerards.cz\/wp-content\/uploads\/Mu%C5%BE%20s%20telefonem_10.jpg","url":"https:\/\/www.gerards.cz\/wp-content\/uploads\/Mu%C5%BE%20s%20telefonem_10.jpg","height":0,"width":0},"keywords":null},{"@type":"Article","@id":"https:\/\/www.gerards.cz\/kose-nejen-dusickove\/","headline":"Ko\u0161e\u200b\u200b\u200b\u200b\u200b\u200b\u200b nejen du\u0161i\u010dkov\u00e9","url":"https:\/\/www.gerards.cz\/kose-nejen-dusickove\/","datePublished":"2022-02-28","dateModified":"2022-02-28","mainEntityOfPage":"https:\/\/www.gerards.cz\/kose-nejen-dusickove\/","author":{"@type":"Person","@id":"https:\/\/www.gerards.cz\/author\/#Person","name":"","url":"https:\/\/www.gerards.cz\/author\/","identifier":1,"image":{"@type":"ImageObject","@id":"https:\/\/secure.gravatar.com\/avatar\/70bfba35016f640cc40a20bdb6eeeb519f15df7de2446955eee0a1f10ed86e77?s=96&d=mm&r=g","url":"https:\/\/secure.gravatar.com\/avatar\/70bfba35016f640cc40a20bdb6eeeb519f15df7de2446955eee0a1f10ed86e77?s=96&d=mm&r=g","height":96,"width":96}},"publisher":{"@type":"Organization","name":"gerards.cz","logo":{"@type":"ImageObject","@id":"\/logo.png","url":"\/logo.png","width":600,"height":60}},"image":{"@type":"ImageObject","@id":"https:\/\/www.gerards.cz\/wp-content\/uploads\/geraniums-gac2978261_640.jpg","url":"https:\/\/www.gerards.cz\/wp-content\/uploads\/geraniums-gac2978261_640.jpg","height":0,"width":0},"keywords":null},{"@type":"Article","@id":"https:\/\/www.gerards.cz\/povidani-o-iphonech\/","headline":"Pov\u00edd\u00e1n\u00ed o Iphonech","url":"https:\/\/www.gerards.cz\/povidani-o-iphonech\/","datePublished":"2021-12-27","dateModified":"2021-12-27","mainEntityOfPage":"https:\/\/www.gerards.cz\/povidani-o-iphonech\/","author":{"@type":"Person","@id":"https:\/\/www.gerards.cz\/author\/#Person","name":"","url":"https:\/\/www.gerards.cz\/author\/","identifier":1,"image":{"@type":"ImageObject","@id":"https:\/\/secure.gravatar.com\/avatar\/70bfba35016f640cc40a20bdb6eeeb519f15df7de2446955eee0a1f10ed86e77?s=96&d=mm&r=g","url":"https:\/\/secure.gravatar.com\/avatar\/70bfba35016f640cc40a20bdb6eeeb519f15df7de2446955eee0a1f10ed86e77?s=96&d=mm&r=g","height":96,"width":96}},"publisher":{"@type":"Organization","name":"gerards.cz","logo":{"@type":"ImageObject","@id":"\/logo.png","url":"\/logo.png","width":600,"height":60}},"image":{"@type":"ImageObject","@id":"https:\/\/www.gerards.cz\/wp-content\/uploads\/phone-1869510_960_720_7.jpg","url":"https:\/\/www.gerards.cz\/wp-content\/uploads\/phone-1869510_960_720_7.jpg","height":0,"width":0},"keywords":null},{"@type":"Article","@id":"https:\/\/www.gerards.cz\/jak-ozivit-kuchynskou-linku\/","headline":"Jak o\u017eivit kuchy\u0148skou linku?","url":"https:\/\/www.gerards.cz\/jak-ozivit-kuchynskou-linku\/","datePublished":"2021-10-25","dateModified":"2021-10-25","mainEntityOfPage":"https:\/\/www.gerards.cz\/jak-ozivit-kuchynskou-linku\/","author":{"@type":"Person","@id":"https:\/\/www.gerards.cz\/author\/#Person","name":"","url":"https:\/\/www.gerards.cz\/author\/","identifier":1,"image":{"@type":"ImageObject","@id":"https:\/\/secure.gravatar.com\/avatar\/70bfba35016f640cc40a20bdb6eeeb519f15df7de2446955eee0a1f10ed86e77?s=96&d=mm&r=g","url":"https:\/\/secure.gravatar.com\/avatar\/70bfba35016f640cc40a20bdb6eeeb519f15df7de2446955eee0a1f10ed86e77?s=96&d=mm&r=g","height":96,"width":96}},"publisher":{"@type":"Organization","name":"gerards.cz","logo":{"@type":"ImageObject","@id":"\/logo.png","url":"\/logo.png","width":600,"height":60}},"image":{"@type":"ImageObject","@id":"https:\/\/www.gerards.cz\/wp-content\/uploads\/bookcase-gb6d9a293c_1280.jpg","url":"https:\/\/www.gerards.cz\/wp-content\/uploads\/bookcase-gb6d9a293c_1280.jpg","height":0,"width":0},"keywords":null}]}