[{"@context":"https:\/\/schema.org\/","@type":"Article","@id":"https:\/\/www.gerards.cz\/moje-radost\/#Article","mainEntityOfPage":"https:\/\/www.gerards.cz\/moje-radost\/","headline":"Moje radost","name":"Moje radost","description":"V\u017edycky jsem byla takov\u00e1, \u017ee jsem si p\u0159\u00e1la m\u00edt velkou rodinu. Proto\u017ee m\u00e1m opravdu r\u00e1da d\u011bti, tak\u017ee jsem si \u0159ekla, &hellip; ","datePublished":"2022-03-21","dateModified":"2022-03-21","author":{"@type":"Person","@id":"https:\/\/www.gerards.cz\/author\/#Person","name":"","url":"https:\/\/www.gerards.cz\/author\/","identifier":1,"image":{"@type":"ImageObject","@id":"https:\/\/secure.gravatar.com\/avatar\/70bfba35016f640cc40a20bdb6eeeb519f15df7de2446955eee0a1f10ed86e77?s=96&d=mm&r=g","url":"https:\/\/secure.gravatar.com\/avatar\/70bfba35016f640cc40a20bdb6eeeb519f15df7de2446955eee0a1f10ed86e77?s=96&d=mm&r=g","height":96,"width":96}},"publisher":{"@type":"Organization","name":"gerards.cz","logo":{"@type":"ImageObject","@id":"\/logo.png","url":"\/logo.png","width":600,"height":60}},"image":{"@type":"ImageObject","@id":"https:\/\/www.gerards.cz\/wp-content\/uploads\/dite4_10_3.jpg","url":"https:\/\/www.gerards.cz\/wp-content\/uploads\/dite4_10_3.jpg","height":0,"width":0},"url":"https:\/\/www.gerards.cz\/moje-radost\/","about":["D\u011bti"],"wordCount":443,"articleBody":"V\u017edycky jsem byla takov\u00e1, \u017ee jsem si p\u0159\u00e1la m\u00edt velkou rodinu. Proto\u017ee m\u00e1m opravdu r\u00e1da d\u011bti, tak\u017ee jsem si \u0159ekla, \u017ee kdy\u017e m\u00e1m r\u00e1da opravdu hodn\u011b d\u011bti, tak taky budu dobr\u00e1 m\u00e1ma. Jenom\u017ee jak u\u017e to tak b\u00fdv\u00e1, \u017ee kdy\u017e \u010dlov\u011bk n\u011bco chce, tak se to nemus\u00ed v\u017edycky splnit. Bohu\u017eel i kdy\u017e jsem m\u011bla p\u0159\u00edtele u\u017e asi \u010dtvrt\u00fdm rokem, tak jsme se dva a p\u016fl roku sna\u017eili o d\u00edt\u011b. Bohu\u017eel jsem ale st\u00e1le nemohla ot\u011bhotn\u011bt. Ani nev\u00edte, jak m\u011b to opravdu hodn\u011b tr\u00e1pilo a byla jsem z toho velice ne\u0161\u0165astn\u00e1. Tak\u017ee jsem p\u0159\u00edteli \u0159ekla, \u017ee se budeme sna\u017eit je\u0161t\u011b alespo\u0148 rok a potom to u\u017e budeme \u0159e\u0161it s l\u00e9ka\u0159i. Ale bohu\u017eel jsem ani b\u011bhem roku neot\u011bhotn\u011bla a j\u00e1 jsem u\u017e za\u010d\u00ednala bohu\u017eel doufat, \u017ee asi d\u011bti m\u00edt nikdy nebudu. Necht\u011bla jsem si ale nechat p\u0159ipustit fakt, \u017ee bych t\u0159eba nap\u0159\u00edklad j\u00e1 byla neplodn\u00e1. A st\u00e1le ve skrytu du\u0161e jsem doufala, \u017ee je vina na stran\u011b p\u0159\u00edtel, i kdy\u017e za to jsem se styd\u011bla, \u017ee si tohle p\u0159eji. Jenom\u017ee jsem si \u0159ekla, \u017ee bych se asi zbl\u00e1znila, kdybych nap\u0159\u00edklad j\u00e1 byla neplodn\u00e1. Ani nev\u00edte, jak moc si p\u0159eji m\u00edt d\u00edt\u011b. Na\u0161t\u011bst\u00ed ale v\u0161echno pozd\u011bji dopadlo skv\u011ble. Proto\u017ee bohu\u017eel jsem m\u011bla ucpan\u00e9 vejcovody, tak\u017ee jsem nemohla ot\u011bhotn\u011bt klasickou cestou.\u00a0Tak\u017ee\u00a0byl na \u0159ad\u011b\u00a0chirurgick\u00fd\u00a0z\u00e1krok. A operace byla opravdu hodn\u011b bolestiv\u00e1, ale v\u0161echno m\u00e1m za sebou a nyn\u00ed jsem u\u017e v sedm\u00e9m m\u011bs\u00edci t\u011bhotenstv\u00ed. A na d\u00edt\u011b se opravdu hodn\u011b t\u011b\u0161\u00edm a j\u00e1 douf\u00e1m, \u017ee budu opravdu perfektn\u00ed m\u00e1ma. Dokonce i m\u016fj p\u0159\u00edtel mi \u0159ekl, \u017ee se t\u011b\u0161\u00ed na na\u0161e prvn\u00ed d\u011b\u0165\u00e1tko. A \u017ee by cht\u011bl je\u0161t\u011b jedno. Ale uvid\u00edm, co n\u00e1m osud p\u0159inese a budu jenom doufat, \u017ee osud k n\u00e1m bude velice p\u0159\u00edv\u011btiv\u00fd. A opravdu bych si nakonec p\u0159\u00e1la m\u00edt tak t\u0159i d\u011bti. Jsem m\u00e1ma ka\u017ed\u00fdm\u00a0coulem, tak\u017ee u\u00a0jednoho\u00a0d\u00edt\u011bte\u00a0z\u016fstat\u00a0nechci. Ale kdyby to jinak ne\u0161lo, tak sv\u00e9 jedin\u00e9 d\u00edt\u011b bude bezmezn\u011b milovat a snesu mu modr\u00e9 z nebe. Vymodlen\u00e9 d\u00edt\u011b je v\u017edycky nejv\u00edce\u00a0milov\u00e1no.\u00a0                                                                                                                                                                                                                                                                                                                                                                                        5\/5 - (2 votes)        "},{"@context":"https:\/\/schema.org\/","@type":"BreadcrumbList","itemListElement":[{"@type":"ListItem","position":1,"name":"Moje radost","item":"https:\/\/www.gerards.cz\/moje-radost\/#breadcrumbitem"}]}]