[{"@context":"https:\/\/schema.org\/","@type":"Article","@id":"https:\/\/www.gerards.cz\/nainstalujeme-vam-klimatizaci\/#Article","mainEntityOfPage":"https:\/\/www.gerards.cz\/nainstalujeme-vam-klimatizaci\/","headline":"Nainstalujeme v\u00e1m klimatizaci","name":"Nainstalujeme v\u00e1m klimatizaci","description":"P\u0159ich\u00e1z\u00edme v\u00e1m nab\u00eddnout slu\u017eby na\u0161eho Audi servisu. Chcete je vyzkou\u0161et i vy? Budeme moc r\u00e1di. Sta\u010d\u00ed, kdy\u017e k n\u00e1m sv\u00e9 &hellip; ","datePublished":"2024-11-30","dateModified":"2024-11-30","author":{"@type":"Person","@id":"https:\/\/www.gerards.cz\/author\/#Person","name":"","url":"https:\/\/www.gerards.cz\/author\/","identifier":1,"image":{"@type":"ImageObject","@id":"https:\/\/secure.gravatar.com\/avatar\/70bfba35016f640cc40a20bdb6eeeb519f15df7de2446955eee0a1f10ed86e77?s=96&d=mm&r=g","url":"https:\/\/secure.gravatar.com\/avatar\/70bfba35016f640cc40a20bdb6eeeb519f15df7de2446955eee0a1f10ed86e77?s=96&d=mm&r=g","height":96,"width":96}},"publisher":{"@type":"Organization","name":"gerards.cz","logo":{"@type":"ImageObject","@id":"\/logo.png","url":"\/logo.png","width":600,"height":60}},"url":"https:\/\/www.gerards.cz\/nainstalujeme-vam-klimatizaci\/","wordCount":177,"articleBody":"P\u0159ich\u00e1z\u00edme v\u00e1m nab\u00eddnout slu\u017eby na\u0161eho Audi servisu. Chcete je vyzkou\u0161et i vy? Budeme moc r\u00e1di. Sta\u010d\u00ed, kdy\u017e k n\u00e1m sv\u00e9 vozidlo p\u0159ivezete a my se hned pust\u00edme do pr\u00e1ce. Nemus\u00edte se ob\u00e1vat, \u017ee ho ned\u00e1me do po\u0159\u00e1dku. M\u00e1me skv\u011blou techniku a pln\u011b kvalifikovan\u00fd person\u00e1l, kter\u00fd v\u0161e zvl\u00e1d\u00e1 na jedni\u010dku. Budete-li m\u00edt o n\u00e1s z\u00e1jem, kontaktujte n\u00e1s. Vy\u010dist\u00edme interi\u00e9ry a exteri\u00e9ry va\u0161ich automobil\u016f M\u011bli jste dopravn\u00ed nehodu, p\u0159i kter\u00e9 se v\u00e1\u0161 automobil po\u0161kodil? V takov\u00e9m p\u0159\u00edpad\u011b v\u00e1m m\u00e1me mo\u017enost nab\u00eddnout postarat se v\u00e1m o vy\u0159\u00edzen\u00ed va\u0161\u00ed pojistn\u00e9 ud\u00e1losti. M\u00e1me k dispozici zam\u011bstnance, kte\u0159\u00ed t\u00e9to pr\u00e1ci dob\u0159e rozum\u00ed a jsou p\u0159ipraveni ji vy\u0159\u00eddit za v\u00e1s s va\u0161\u00ed poji\u0161\u0165ovnou. K dispozici m\u00e1me v\u0161echny pot\u0159ebn\u00e9 formul\u00e1\u0159e a tiskopisy. Sta\u010d\u00ed n\u00e1s kontaktovat.                                                                                                                                                                                                                                                                                                                                                                                        4\/5 - (1 vote)        "},{"@context":"https:\/\/schema.org\/","@type":"BreadcrumbList","itemListElement":[{"@type":"ListItem","position":1,"name":"Nainstalujeme v\u00e1m klimatizaci","item":"https:\/\/www.gerards.cz\/nainstalujeme-vam-klimatizaci\/#breadcrumbitem"}]}]