[{"@context":"https:\/\/schema.org\/","@type":"Article","@id":"https:\/\/www.gerards.cz\/o-co-vsechno-se-postara-pradelna-a-cistirna-odevu\/#Article","mainEntityOfPage":"https:\/\/www.gerards.cz\/o-co-vsechno-se-postara-pradelna-a-cistirna-odevu\/","headline":"O co v\u0161echno se postar\u00e1 pr\u00e1delna a \u010dist\u00edrna od\u011bv\u016f","name":"O co v\u0161echno se postar\u00e1 pr\u00e1delna a \u010dist\u00edrna od\u011bv\u016f","description":"Pokud pat\u0159\u00edte mezi velmi zam\u011bstnan\u00e9 lidi\u010dky, kte\u0159\u00ed nemaj\u00ed \u010das zab\u00fdvat se doma pran\u00edm pr\u00e1dla, v\u011b\u0159te, \u017ee pr\u00e1delna a \u010dist\u00edrna od\u011bv\u016f &hellip; ","datePublished":"2025-08-24","dateModified":"2025-08-24","author":{"@type":"Person","@id":"https:\/\/www.gerards.cz\/author\/#Person","name":"","url":"https:\/\/www.gerards.cz\/author\/","identifier":1,"image":{"@type":"ImageObject","@id":"https:\/\/secure.gravatar.com\/avatar\/70bfba35016f640cc40a20bdb6eeeb519f15df7de2446955eee0a1f10ed86e77?s=96&d=mm&r=g","url":"https:\/\/secure.gravatar.com\/avatar\/70bfba35016f640cc40a20bdb6eeeb519f15df7de2446955eee0a1f10ed86e77?s=96&d=mm&r=g","height":96,"width":96}},"publisher":{"@type":"Organization","name":"gerards.cz","logo":{"@type":"ImageObject","@id":"\/logo.png","url":"\/logo.png","width":600,"height":60}},"url":"https:\/\/www.gerards.cz\/o-co-vsechno-se-postara-pradelna-a-cistirna-odevu\/","wordCount":502,"articleBody":"Pokud pat\u0159\u00edte mezi velmi zam\u011bstnan\u00e9 lidi\u010dky, kte\u0159\u00ed nemaj\u00ed \u010das zab\u00fdvat se doma pran\u00edm pr\u00e1dla, v\u011b\u0159te, \u017ee pr\u00e1delna a \u010dist\u00edrna od\u011bv\u016f v\u00e1m vytrhne trn z\u00a0paty. Tyto slu\u017eby tu ale nejsou jen pro \u010dasov\u011b vyt\u00ed\u017een\u00e9 lidi \u010di lenochy. Profesion\u00e1ln\u00ed slu\u017eby v\u00e1m pr\u00e1delna zajist\u00ed i v\u00a0p\u0159\u00edpad\u011b, \u017ee pot\u0159ebujete vy\u010distit svatebn\u00ed \u0161aty, oblek, zimn\u00ed bundy a kab\u00e1ty, materi\u00e1l z\u00a0k\u016f\u017ee, ko\u017ee\u0161iny, lo\u017en\u00ed pr\u00e1dlo, ale tak\u00e9 t\u0159eba objemn\u00e9 pe\u0159iny, kter\u00e9 se nevejdou do pra\u010dky.T\u0159eba se v\u00e1m tak\u00e9 nejednou stalo, \u017ee jste z\u00a0pra\u010dky vyndali pr\u00e1dlo zma\u010dkan\u00e9 a poni\u010den\u00e9. Nic takov\u00e9ho se v\u00e1m ji\u017e nebude opakovat, pokud za\u010dnete vyu\u017e\u00edvat kvalitn\u00edch slu\u017eeb pr\u00e1delny a \u010dist\u00edrny od\u011bv\u016f. Spolehliv\u00e1 firma za v\u00e1s vypere v\u0161echno pr\u00e1dlo rychle a kvalitn\u011b.\u00b7\u00a0\u00a0\u00a0\u00a0\u00a0\u00a0\u00a0\u00a0 \u010cIST\u00cdRNA OD\u011aV\u016e\u010cist\u00edrna v\u00e1m zajist\u00ed kvalitn\u00ed, odborn\u00e9, a p\u0159edev\u0161\u00edm \u0161etrn\u00e9 \u010dist\u011bn\u00ed a pran\u00ed v\u0161ech druh\u016f od\u011bv\u016f a textilu. P\u0159i procesu \u010dist\u011bn\u00ed kladou d\u016fraz na specifick\u00e9 vlastnosti ka\u017ed\u00e9ho materi\u00e1lu. Ka\u017ed\u00fd kus od\u011bvu m\u00e1 jin\u00fd charakter, proto je nutn\u00e9 pr\u00e1dlo jednotliv\u011b rozt\u0159\u00eddit a ujasnit si, jak nejl\u00e9pe se vy\u010dist\u00ed.Na odstra\u0148ov\u00e1n\u00ed skvrn je hned n\u011bkolik technologi\u00ed:1.\u00a0\u00a0\u00a0\u00a0\u00a0\u00a0 chemick\u00e9 \u010di\u0161t\u011bn\u00ed2.\u00a0\u00a0\u00a0\u00a0\u00a0\u00a0 mokr\u00e9 \u010di\u0161t\u011bn\u00ed3.\u00a0\u00a0\u00a0\u00a0\u00a0\u00a0 pran\u00edKdy\u017e je od\u011bv \u010dist\u00fd, mus\u00ed se je\u0161t\u011b napa\u0159it, vykart\u00e1\u010dovat, od\u017emolkovat, vy\u017eehlit, zabalit a p\u0159ipravit k\u00a0odvozu.\u00b7\u00a0\u00a0\u00a0\u00a0\u00a0\u00a0\u00a0\u00a0 PR\u00c1DELNAZde se postaraj\u00ed o v\u0161echny druhy lo\u017en\u00edho pr\u00e1dla a rovn\u00e9ho pr\u00e1dla v\u0161ech rozm\u011br\u016f, ale tak\u00e9 o bytov\u00fd textil, kter\u00fd nejde pr\u00e1t v\u00a0dom\u00e1c\u00edch podm\u00ednk\u00e1ch. K\u00a0pran\u00ed se pou\u017e\u00edv\u00e1 upraven\u00e1 pitn\u00e1 voda a modern\u00ed technologie, tak\u017ee je vypr\u00e1n\u00ed v\u017edy optim\u00e1ln\u00ed. Po vypr\u00e1n\u00ed se pr\u00e1dlo vy\u017eehl\u00ed a vymandluje, a z\u00e1rove\u0148 je chr\u00e1n\u011bno p\u0159ed vn\u011bj\u0161\u00edmi vlivy.\u00b7\u00a0\u00a0\u00a0\u00a0\u00a0\u00a0\u00a0\u00a0 \u010cI\u0160T\u011aN\u00cd PE\u0158\u00cd, K\u016e\u017dE A KO\u017dE\u0160INNa tyto materi\u00e1ly se pou\u017e\u00edv\u00e1 such\u00e9 strojov\u00e9 \u010di\u0161t\u011bn\u00ed nebo \u010di\u0161t\u011bn\u00ed p\u00e1rou, kter\u00e9 zaru\u010d\u00ed nepo\u0161kozen\u00ed dan\u00e9ho materi\u00e1lu.\u00b7\u00a0\u00a0\u00a0\u00a0\u00a0\u00a0\u00a0\u00a0 DAL\u0160\u00cd SLU\u017dBYN\u011bkter\u00e9 pr\u00e1delny a \u010dist\u00edrny nab\u00edzej\u00ed sv\u00fdm z\u00e1kazn\u00edk\u016fm je\u0161t\u011b dal\u0161\u00ed p\u0159\u00eddavn\u00e9 slu\u017eby, jako je nap\u0159\u00edklad oprava od\u011bv\u016f. Pokud je va\u0161e pr\u00e1dlo po\u0161kozen\u00e9, nebo pot\u0159ebujete nap\u0159\u00edklad zkr\u00e1tit d\u00e9lku \u010di vym\u011bnit zip, tak p\u0159esn\u011b o ve\u0161ker\u00e9 tyto opravy a krej\u010dovsk\u00e9 \u00fapravy se v\u00e1m zde profesion\u00e1ln\u011b postaraj\u00ed.M\u016f\u017eete si zde tak\u00e9 nechat ud\u011blat impregnaci zimn\u00edho oble\u010den\u00ed, spac\u00e1k\u016f a dal\u0161\u00edch od\u011bv\u016f. Na tyto slu\u017eby se pou\u017e\u00edvaj\u00ed speci\u00e1ln\u00ed impregna\u010dn\u00ed prost\u0159edky, kter\u00e9 v\u00e1\u0161 od\u011bv dokonale o\u0161et\u0159\u00ed.                                                                                                                                                                                                                                                                                                                                                                                        4.1\/5 - (9 votes)        "},{"@context":"https:\/\/schema.org\/","@type":"BreadcrumbList","itemListElement":[{"@type":"ListItem","position":1,"name":"O co v\u0161echno se postar\u00e1 pr\u00e1delna a \u010dist\u00edrna od\u011bv\u016f","item":"https:\/\/www.gerards.cz\/o-co-vsechno-se-postara-pradelna-a-cistirna-odevu\/#breadcrumbitem"}]}]