[{"@context":"https:\/\/schema.org\/","@type":"Blog","@id":"https:\/\/www.gerards.cz#Blog","headline":"Gerards","description":"\nNa na\u0161em webu sice neum\u00edme d\u011blat z\u00e1zraky, ale d\u011bl\u00e1me tu ur\u010dit\u011b v\u0161e pro to, aby byly na\u0161e nab\u00eddky klidn\u011b i pr\u00e1v\u011b pro v\u00e1s ty nejlep\u0161\u00ed, jak\u00e9 si lze p\u0159edstavit.","url":"https:\/\/www.gerards.cz","hasPart":[{"@type":"Article","@id":"https:\/\/www.gerards.cz\/zakaznici-se-musi-oslovit\/","headline":"Z\u00e1kazn\u00edci se mus\u00ed oslovit","url":"https:\/\/www.gerards.cz\/zakaznici-se-musi-oslovit\/","datePublished":"2022-11-29","dateModified":"2023-05-03","mainEntityOfPage":"https:\/\/www.gerards.cz\/zakaznici-se-musi-oslovit\/","author":{"@type":"Person","@id":"https:\/\/www.gerards.cz\/author\/#Person","name":"","url":"https:\/\/www.gerards.cz\/author\/","identifier":1,"image":{"@type":"ImageObject","@id":"https:\/\/secure.gravatar.com\/avatar\/70bfba35016f640cc40a20bdb6eeeb519f15df7de2446955eee0a1f10ed86e77?s=96&d=mm&r=g","url":"https:\/\/secure.gravatar.com\/avatar\/70bfba35016f640cc40a20bdb6eeeb519f15df7de2446955eee0a1f10ed86e77?s=96&d=mm&r=g","height":96,"width":96}},"publisher":{"@type":"Organization","name":"gerards.cz","logo":{"@type":"ImageObject","@id":"\/logo.png","url":"\/logo.png","width":600,"height":60}},"image":{"@type":"ImageObject","@id":"https:\/\/www.gerards.cz\/wp-content\/uploads\/bin%C3%A1rn%C3%AD%20k%C3%B3d_8.jpg","url":"https:\/\/www.gerards.cz\/wp-content\/uploads\/bin%C3%A1rn%C3%AD%20k%C3%B3d_8.jpg","height":0,"width":0},"wordCount":620,"keywords":null},{"@type":"Article","@id":"https:\/\/www.gerards.cz\/vyhody-e-shopu\/","headline":"V\u00fdhody e-shop\u016f","url":"https:\/\/www.gerards.cz\/vyhody-e-shopu\/","datePublished":"2022-11-27","dateModified":"2022-11-27","mainEntityOfPage":"https:\/\/www.gerards.cz\/vyhody-e-shopu\/","author":{"@type":"Person","@id":"https:\/\/www.gerards.cz\/author\/#Person","name":"","url":"https:\/\/www.gerards.cz\/author\/","identifier":1,"image":{"@type":"ImageObject","@id":"https:\/\/secure.gravatar.com\/avatar\/70bfba35016f640cc40a20bdb6eeeb519f15df7de2446955eee0a1f10ed86e77?s=96&d=mm&r=g","url":"https:\/\/secure.gravatar.com\/avatar\/70bfba35016f640cc40a20bdb6eeeb519f15df7de2446955eee0a1f10ed86e77?s=96&d=mm&r=g","height":96,"width":96}},"publisher":{"@type":"Organization","name":"gerards.cz","logo":{"@type":"ImageObject","@id":"\/logo.png","url":"\/logo.png","width":600,"height":60}},"image":{"@type":"ImageObject","@id":"https:\/\/www.gerards.cz\/wp-content\/uploads\/rolls-of-fabric-g241b59368_640.jpg","url":"https:\/\/www.gerards.cz\/wp-content\/uploads\/rolls-of-fabric-g241b59368_640.jpg","height":0,"width":0},"wordCount":531,"keywords":null},{"@type":"Article","@id":"https:\/\/www.gerards.cz\/splnte-si-konecne-sve-sny-a-budte-nezavisli\/","headline":"Spl\u0148te si kone\u010dn\u011b sv\u00e9 sny a bu\u010fte nez\u00e1visl\u00ed","url":"https:\/\/www.gerards.cz\/splnte-si-konecne-sve-sny-a-budte-nezavisli\/","datePublished":"2022-11-27","dateModified":"2022-11-27","mainEntityOfPage":"https:\/\/www.gerards.cz\/splnte-si-konecne-sve-sny-a-budte-nezavisli\/","author":{"@type":"Person","@id":"https:\/\/www.gerards.cz\/author\/#Person","name":"","url":"https:\/\/www.gerards.cz\/author\/","identifier":1,"image":{"@type":"ImageObject","@id":"https:\/\/secure.gravatar.com\/avatar\/70bfba35016f640cc40a20bdb6eeeb519f15df7de2446955eee0a1f10ed86e77?s=96&d=mm&r=g","url":"https:\/\/secure.gravatar.com\/avatar\/70bfba35016f640cc40a20bdb6eeeb519f15df7de2446955eee0a1f10ed86e77?s=96&d=mm&r=g","height":96,"width":96}},"publisher":{"@type":"Organization","name":"gerards.cz","logo":{"@type":"ImageObject","@id":"\/logo.png","url":"\/logo.png","width":600,"height":60}},"image":{"@type":"ImageObject","@id":"https:\/\/www.gerards.cz\/wp-content\/uploads\/housebuilding-1005491_640.jpg","url":"https:\/\/www.gerards.cz\/wp-content\/uploads\/housebuilding-1005491_640.jpg","height":0,"width":0},"wordCount":608,"keywords":null},{"@type":"Article","@id":"https:\/\/www.gerards.cz\/proc-je-rozumne-postavit-betonovy-plot-na-klic\/","headline":"Pro\u010d je rozumn\u00e9 postavit betonov\u00fd plot na kl\u00ed\u010d","url":"https:\/\/www.gerards.cz\/proc-je-rozumne-postavit-betonovy-plot-na-klic\/","datePublished":"2022-11-21","dateModified":"2022-11-21","mainEntityOfPage":"https:\/\/www.gerards.cz\/proc-je-rozumne-postavit-betonovy-plot-na-klic\/","author":{"@type":"Person","@id":"https:\/\/www.gerards.cz\/author\/#Person","name":"","url":"https:\/\/www.gerards.cz\/author\/","identifier":1,"image":{"@type":"ImageObject","@id":"https:\/\/secure.gravatar.com\/avatar\/70bfba35016f640cc40a20bdb6eeeb519f15df7de2446955eee0a1f10ed86e77?s=96&d=mm&r=g","url":"https:\/\/secure.gravatar.com\/avatar\/70bfba35016f640cc40a20bdb6eeeb519f15df7de2446955eee0a1f10ed86e77?s=96&d=mm&r=g","height":96,"width":96}},"publisher":{"@type":"Organization","name":"gerards.cz","logo":{"@type":"ImageObject","@id":"\/logo.png","url":"\/logo.png","width":600,"height":60}},"image":{"@type":"ImageObject","@id":"https:\/\/www.gerards.cz\/wp-content\/uploads\/ivy-g73b1cf256_640.jpg","url":"https:\/\/www.gerards.cz\/wp-content\/uploads\/ivy-g73b1cf256_640.jpg","height":0,"width":0},"wordCount":560,"keywords":null},{"@type":"Article","@id":"https:\/\/www.gerards.cz\/jak-na-zalozeni-sidla-firmy\/","headline":"Jak na zalo\u017een\u00ed s\u00eddla firmy","url":"https:\/\/www.gerards.cz\/jak-na-zalozeni-sidla-firmy\/","datePublished":"2022-11-20","dateModified":"2022-11-20","mainEntityOfPage":"https:\/\/www.gerards.cz\/jak-na-zalozeni-sidla-firmy\/","author":{"@type":"Person","@id":"https:\/\/www.gerards.cz\/author\/#Person","name":"","url":"https:\/\/www.gerards.cz\/author\/","identifier":1,"image":{"@type":"ImageObject","@id":"https:\/\/secure.gravatar.com\/avatar\/70bfba35016f640cc40a20bdb6eeeb519f15df7de2446955eee0a1f10ed86e77?s=96&d=mm&r=g","url":"https:\/\/secure.gravatar.com\/avatar\/70bfba35016f640cc40a20bdb6eeeb519f15df7de2446955eee0a1f10ed86e77?s=96&d=mm&r=g","height":96,"width":96}},"publisher":{"@type":"Organization","name":"gerards.cz","logo":{"@type":"ImageObject","@id":"\/logo.png","url":"\/logo.png","width":600,"height":60}},"image":{"@type":"ImageObject","@id":"https:\/\/www.gerards.cz\/wp-content\/uploads\/code-ged91cdbc0_640_1.jpg","url":"https:\/\/www.gerards.cz\/wp-content\/uploads\/code-ged91cdbc0_640_1.jpg","height":0,"width":0},"wordCount":522,"keywords":null},{"@type":"Article","@id":"https:\/\/www.gerards.cz\/kdyz-vam-najemnik-zanecha-v-byte-neporadek\/","headline":"Kdy\u017e v\u00e1m n\u00e1jemn\u00edk zanech\u00e1 v byt\u011b nepo\u0159\u00e1dek","url":"https:\/\/www.gerards.cz\/kdyz-vam-najemnik-zanecha-v-byte-neporadek\/","datePublished":"2022-11-20","dateModified":"2022-11-20","mainEntityOfPage":"https:\/\/www.gerards.cz\/kdyz-vam-najemnik-zanecha-v-byte-neporadek\/","author":{"@type":"Person","@id":"https:\/\/www.gerards.cz\/author\/#Person","name":"","url":"https:\/\/www.gerards.cz\/author\/","identifier":1,"image":{"@type":"ImageObject","@id":"https:\/\/secure.gravatar.com\/avatar\/70bfba35016f640cc40a20bdb6eeeb519f15df7de2446955eee0a1f10ed86e77?s=96&d=mm&r=g","url":"https:\/\/secure.gravatar.com\/avatar\/70bfba35016f640cc40a20bdb6eeeb519f15df7de2446955eee0a1f10ed86e77?s=96&d=mm&r=g","height":96,"width":96}},"publisher":{"@type":"Organization","name":"gerards.cz","logo":{"@type":"ImageObject","@id":"\/logo.png","url":"\/logo.png","width":600,"height":60}},"image":{"@type":"ImageObject","@id":"https:\/\/www.gerards.cz\/wp-content\/uploads\/key-g4ba6b20d9_640.jpg","url":"https:\/\/www.gerards.cz\/wp-content\/uploads\/key-g4ba6b20d9_640.jpg","height":0,"width":0},"wordCount":594,"keywords":null},{"@type":"Article","@id":"https:\/\/www.gerards.cz\/cena-je-o-kvalite\/","headline":"Cena je o kvalit\u011b","url":"https:\/\/www.gerards.cz\/cena-je-o-kvalite\/","datePublished":"2022-11-20","dateModified":"2022-11-20","mainEntityOfPage":"https:\/\/www.gerards.cz\/cena-je-o-kvalite\/","author":{"@type":"Person","@id":"https:\/\/www.gerards.cz\/author\/#Person","name":"","url":"https:\/\/www.gerards.cz\/author\/","identifier":1,"image":{"@type":"ImageObject","@id":"https:\/\/secure.gravatar.com\/avatar\/70bfba35016f640cc40a20bdb6eeeb519f15df7de2446955eee0a1f10ed86e77?s=96&d=mm&r=g","url":"https:\/\/secure.gravatar.com\/avatar\/70bfba35016f640cc40a20bdb6eeeb519f15df7de2446955eee0a1f10ed86e77?s=96&d=mm&r=g","height":96,"width":96}},"publisher":{"@type":"Organization","name":"gerards.cz","logo":{"@type":"ImageObject","@id":"\/logo.png","url":"\/logo.png","width":600,"height":60}},"image":{"@type":"ImageObject","@id":"https:\/\/www.gerards.cz\/wp-content\/uploads\/sweatpants-g8680d57b5_640_1.jpg","url":"https:\/\/www.gerards.cz\/wp-content\/uploads\/sweatpants-g8680d57b5_640_1.jpg","height":0,"width":0},"wordCount":617,"keywords":null},{"@type":"Article","@id":"https:\/\/www.gerards.cz\/ceho-se-tyka-spolecenska-odpovednost-firem\/","headline":"\u010ceho se t\u00fdk\u00e1 spole\u010densk\u00e1 odpov\u011bdnost firem","url":"https:\/\/www.gerards.cz\/ceho-se-tyka-spolecenska-odpovednost-firem\/","datePublished":"2022-11-16","dateModified":"2022-11-16","mainEntityOfPage":"https:\/\/www.gerards.cz\/ceho-se-tyka-spolecenska-odpovednost-firem\/","author":{"@type":"Person","@id":"https:\/\/www.gerards.cz\/author\/#Person","name":"","url":"https:\/\/www.gerards.cz\/author\/","identifier":1,"image":{"@type":"ImageObject","@id":"https:\/\/secure.gravatar.com\/avatar\/70bfba35016f640cc40a20bdb6eeeb519f15df7de2446955eee0a1f10ed86e77?s=96&d=mm&r=g","url":"https:\/\/secure.gravatar.com\/avatar\/70bfba35016f640cc40a20bdb6eeeb519f15df7de2446955eee0a1f10ed86e77?s=96&d=mm&r=g","height":96,"width":96}},"publisher":{"@type":"Organization","name":"gerards.cz","logo":{"@type":"ImageObject","@id":"\/logo.png","url":"\/logo.png","width":600,"height":60}},"image":{"@type":"ImageObject","@id":"https:\/\/www.gerards.cz\/wp-content\/uploads\/pojisteni1_1.jpg","url":"https:\/\/www.gerards.cz\/wp-content\/uploads\/pojisteni1_1.jpg","height":0,"width":0},"wordCount":625,"keywords":null},{"@type":"Article","@id":"https:\/\/www.gerards.cz\/nevesta-ve-smyslu-morska-panna\/","headline":"Nev\u011bsta ve smyslu mo\u0159sk\u00e1 panna","url":"https:\/\/www.gerards.cz\/nevesta-ve-smyslu-morska-panna\/","datePublished":"2022-11-15","dateModified":"2022-11-15","mainEntityOfPage":"https:\/\/www.gerards.cz\/nevesta-ve-smyslu-morska-panna\/","author":{"@type":"Person","@id":"https:\/\/www.gerards.cz\/author\/#Person","name":"","url":"https:\/\/www.gerards.cz\/author\/","identifier":1,"image":{"@type":"ImageObject","@id":"https:\/\/secure.gravatar.com\/avatar\/70bfba35016f640cc40a20bdb6eeeb519f15df7de2446955eee0a1f10ed86e77?s=96&d=mm&r=g","url":"https:\/\/secure.gravatar.com\/avatar\/70bfba35016f640cc40a20bdb6eeeb519f15df7de2446955eee0a1f10ed86e77?s=96&d=mm&r=g","height":96,"width":96}},"publisher":{"@type":"Organization","name":"gerards.cz","logo":{"@type":"ImageObject","@id":"\/logo.png","url":"\/logo.png","width":600,"height":60}},"image":{"@type":"ImageObject","@id":"https:\/\/www.gerards.cz\/wp-content\/uploads\/model-5564791__480.jpg","url":"https:\/\/www.gerards.cz\/wp-content\/uploads\/model-5564791__480.jpg","height":0,"width":0},"wordCount":569,"keywords":null},{"@type":"Article","@id":"https:\/\/www.gerards.cz\/pujcovny-osobnich-aut-vzdy-mohou-pomoci\/","headline":"P\u016fj\u010dovny osobn\u00edch aut v\u017edy mohou pomoci","url":"https:\/\/www.gerards.cz\/pujcovny-osobnich-aut-vzdy-mohou-pomoci\/","datePublished":"2022-11-14","dateModified":"2022-11-14","mainEntityOfPage":"https:\/\/www.gerards.cz\/pujcovny-osobnich-aut-vzdy-mohou-pomoci\/","author":{"@type":"Person","@id":"https:\/\/www.gerards.cz\/author\/#Person","name":"","url":"https:\/\/www.gerards.cz\/author\/","identifier":1,"image":{"@type":"ImageObject","@id":"https:\/\/secure.gravatar.com\/avatar\/70bfba35016f640cc40a20bdb6eeeb519f15df7de2446955eee0a1f10ed86e77?s=96&d=mm&r=g","url":"https:\/\/secure.gravatar.com\/avatar\/70bfba35016f640cc40a20bdb6eeeb519f15df7de2446955eee0a1f10ed86e77?s=96&d=mm&r=g","height":96,"width":96}},"publisher":{"@type":"Organization","name":"gerards.cz","logo":{"@type":"ImageObject","@id":"\/logo.png","url":"\/logo.png","width":600,"height":60}},"image":{"@type":"ImageObject","@id":"https:\/\/www.gerards.cz\/wp-content\/uploads\/auto_10_10_10.JPG","url":"https:\/\/www.gerards.cz\/wp-content\/uploads\/auto_10_10_10.JPG","height":0,"width":0},"wordCount":673,"keywords":null}]},{"@context":"https:\/\/schema.org","@type":"WebSite","@id":"https:\/\/www.gerards.cz\/#website","name":"Gerards","url":"https:\/\/www.gerards.cz","potentialAction":{"@type":"SearchAction","target":"https:\/\/www.gerards.cz\/?s={search_term_string}","query-input":"required name=search_term_string"}}]