[{"@context":"https:\/\/schema.org\/","@type":"Blog","@id":"https:\/\/www.gerards.cz#Blog","headline":"Gerards","description":"\nNa na\u0161em webu sice neum\u00edme d\u011blat z\u00e1zraky, ale d\u011bl\u00e1me tu ur\u010dit\u011b v\u0161e pro to, aby byly na\u0161e nab\u00eddky klidn\u011b i pr\u00e1v\u011b pro v\u00e1s ty nejlep\u0161\u00ed, jak\u00e9 si lze p\u0159edstavit.","url":"https:\/\/www.gerards.cz","hasPart":[{"@type":"Article","@id":"https:\/\/www.gerards.cz\/vyrobte-adventni-kalendar-pro-sve-deti\/","headline":"Vyrobte adventn\u00ed kalend\u00e1\u0159 pro sv\u00e9 d\u011bti","url":"https:\/\/www.gerards.cz\/vyrobte-adventni-kalendar-pro-sve-deti\/","datePublished":"2022-06-25","dateModified":"2023-05-03","mainEntityOfPage":"https:\/\/www.gerards.cz\/vyrobte-adventni-kalendar-pro-sve-deti\/","author":{"@type":"Person","@id":"https:\/\/www.gerards.cz\/author\/#Person","name":"","url":"https:\/\/www.gerards.cz\/author\/","identifier":1,"image":{"@type":"ImageObject","@id":"https:\/\/secure.gravatar.com\/avatar\/70bfba35016f640cc40a20bdb6eeeb519f15df7de2446955eee0a1f10ed86e77?s=96&d=mm&r=g","url":"https:\/\/secure.gravatar.com\/avatar\/70bfba35016f640cc40a20bdb6eeeb519f15df7de2446955eee0a1f10ed86e77?s=96&d=mm&r=g","height":96,"width":96}},"publisher":{"@type":"Organization","name":"gerards.cz","logo":{"@type":"ImageObject","@id":"\/logo.png","url":"\/logo.png","width":600,"height":60}},"image":{"@type":"ImageObject","@id":"https:\/\/www.gerards.cz\/wp-content\/uploads\/pexels-laura-james-6102000.jpg","url":"https:\/\/www.gerards.cz\/wp-content\/uploads\/pexels-laura-james-6102000.jpg","height":0,"width":0},"wordCount":944,"keywords":null},{"@type":"Article","@id":"https:\/\/www.gerards.cz\/jak-na-detskou-seboreu\/","headline":"Jak na d\u011btskou seboreu?","url":"https:\/\/www.gerards.cz\/jak-na-detskou-seboreu\/","datePublished":"2022-06-11","dateModified":"2023-05-03","mainEntityOfPage":"https:\/\/www.gerards.cz\/jak-na-detskou-seboreu\/","author":{"@type":"Person","@id":"https:\/\/www.gerards.cz\/author\/#Person","name":"","url":"https:\/\/www.gerards.cz\/author\/","identifier":1,"image":{"@type":"ImageObject","@id":"https:\/\/secure.gravatar.com\/avatar\/70bfba35016f640cc40a20bdb6eeeb519f15df7de2446955eee0a1f10ed86e77?s=96&d=mm&r=g","url":"https:\/\/secure.gravatar.com\/avatar\/70bfba35016f640cc40a20bdb6eeeb519f15df7de2446955eee0a1f10ed86e77?s=96&d=mm&r=g","height":96,"width":96}},"publisher":{"@type":"Organization","name":"gerards.cz","logo":{"@type":"ImageObject","@id":"\/logo.png","url":"\/logo.png","width":600,"height":60}},"image":{"@type":"ImageObject","@id":"https:\/\/www.gerards.cz\/wp-content\/uploads\/baby-ga2e1e19ff_640_4.jpg","url":"https:\/\/www.gerards.cz\/wp-content\/uploads\/baby-ga2e1e19ff_640_4.jpg","height":0,"width":0},"wordCount":533,"keywords":null},{"@type":"Article","@id":"https:\/\/www.gerards.cz\/mobil-dnes-a-zitra\/","headline":"Mobil dnes a z\u00edtra","url":"https:\/\/www.gerards.cz\/mobil-dnes-a-zitra\/","datePublished":"2022-06-08","dateModified":"2023-05-03","mainEntityOfPage":"https:\/\/www.gerards.cz\/mobil-dnes-a-zitra\/","author":{"@type":"Person","@id":"https:\/\/www.gerards.cz\/author\/#Person","name":"","url":"https:\/\/www.gerards.cz\/author\/","identifier":1,"image":{"@type":"ImageObject","@id":"https:\/\/secure.gravatar.com\/avatar\/70bfba35016f640cc40a20bdb6eeeb519f15df7de2446955eee0a1f10ed86e77?s=96&d=mm&r=g","url":"https:\/\/secure.gravatar.com\/avatar\/70bfba35016f640cc40a20bdb6eeeb519f15df7de2446955eee0a1f10ed86e77?s=96&d=mm&r=g","height":96,"width":96}},"publisher":{"@type":"Organization","name":"gerards.cz","logo":{"@type":"ImageObject","@id":"\/logo.png","url":"\/logo.png","width":600,"height":60}},"image":{"@type":"ImageObject","@id":"https:\/\/www.gerards.cz\/wp-content\/uploads\/call-15828_960_720.jpg","url":"https:\/\/www.gerards.cz\/wp-content\/uploads\/call-15828_960_720.jpg","height":0,"width":0},"wordCount":515,"keywords":null},{"@type":"Article","@id":"https:\/\/www.gerards.cz\/prace-je-u-kterych-je-vas-pracovni-nastroj-mobil\/","headline":"Pr\u00e1ce je, u kter\u00fdch je v\u00e1\u0161 pracovn\u00ed n\u00e1stroj mobil","url":"https:\/\/www.gerards.cz\/prace-je-u-kterych-je-vas-pracovni-nastroj-mobil\/","datePublished":"2022-05-06","dateModified":"2022-05-06","mainEntityOfPage":"https:\/\/www.gerards.cz\/prace-je-u-kterych-je-vas-pracovni-nastroj-mobil\/","author":{"@type":"Person","@id":"https:\/\/www.gerards.cz\/author\/#Person","name":"","url":"https:\/\/www.gerards.cz\/author\/","identifier":1,"image":{"@type":"ImageObject","@id":"https:\/\/secure.gravatar.com\/avatar\/70bfba35016f640cc40a20bdb6eeeb519f15df7de2446955eee0a1f10ed86e77?s=96&d=mm&r=g","url":"https:\/\/secure.gravatar.com\/avatar\/70bfba35016f640cc40a20bdb6eeeb519f15df7de2446955eee0a1f10ed86e77?s=96&d=mm&r=g","height":96,"width":96}},"publisher":{"@type":"Organization","name":"gerards.cz","logo":{"@type":"ImageObject","@id":"\/logo.png","url":"\/logo.png","width":600,"height":60}},"image":{"@type":"ImageObject","@id":"https:\/\/www.gerards.cz\/wp-content\/uploads\/Mu%C5%BE%20s%20telefonem_10.jpg","url":"https:\/\/www.gerards.cz\/wp-content\/uploads\/Mu%C5%BE%20s%20telefonem_10.jpg","height":0,"width":0},"wordCount":615,"keywords":null},{"@type":"Article","@id":"https:\/\/www.gerards.cz\/chcete-nejak-ozivit-svou-cteci-rodinu-usporadejte-si-cteci-vyzvu\/","headline":"Chcete n\u011bjak o\u017eivit svou \u010dtec\u00ed rodinu? Uspo\u0159\u00e1dejte si \u010dtec\u00ed v\u00fdzvu!","url":"https:\/\/www.gerards.cz\/chcete-nejak-ozivit-svou-cteci-rodinu-usporadejte-si-cteci-vyzvu\/","datePublished":"2022-05-04","dateModified":"2022-05-04","mainEntityOfPage":"https:\/\/www.gerards.cz\/chcete-nejak-ozivit-svou-cteci-rodinu-usporadejte-si-cteci-vyzvu\/","author":{"@type":"Person","@id":"https:\/\/www.gerards.cz\/author\/#Person","name":"","url":"https:\/\/www.gerards.cz\/author\/","identifier":1,"image":{"@type":"ImageObject","@id":"https:\/\/secure.gravatar.com\/avatar\/70bfba35016f640cc40a20bdb6eeeb519f15df7de2446955eee0a1f10ed86e77?s=96&d=mm&r=g","url":"https:\/\/secure.gravatar.com\/avatar\/70bfba35016f640cc40a20bdb6eeeb519f15df7de2446955eee0a1f10ed86e77?s=96&d=mm&r=g","height":96,"width":96}},"publisher":{"@type":"Organization","name":"gerards.cz","logo":{"@type":"ImageObject","@id":"\/logo.png","url":"\/logo.png","width":600,"height":60}},"image":{"@type":"ImageObject","@id":"https:\/\/www.gerards.cz\/wp-content\/uploads\/pexels-yaroslav-shuraev-5084674.jpg","url":"https:\/\/www.gerards.cz\/wp-content\/uploads\/pexels-yaroslav-shuraev-5084674.jpg","height":0,"width":0},"wordCount":645,"keywords":null},{"@type":"Article","@id":"https:\/\/www.gerards.cz\/jak-pripravit-dite-na-prichod-sourozence\/","headline":"Jak p\u0159ipravit d\u00edt\u011b na p\u0159\u00edchod sourozence","url":"https:\/\/www.gerards.cz\/jak-pripravit-dite-na-prichod-sourozence\/","datePublished":"2022-05-02","dateModified":"2023-05-03","mainEntityOfPage":"https:\/\/www.gerards.cz\/jak-pripravit-dite-na-prichod-sourozence\/","author":{"@type":"Person","@id":"https:\/\/www.gerards.cz\/author\/#Person","name":"","url":"https:\/\/www.gerards.cz\/author\/","identifier":1,"image":{"@type":"ImageObject","@id":"https:\/\/secure.gravatar.com\/avatar\/70bfba35016f640cc40a20bdb6eeeb519f15df7de2446955eee0a1f10ed86e77?s=96&d=mm&r=g","url":"https:\/\/secure.gravatar.com\/avatar\/70bfba35016f640cc40a20bdb6eeeb519f15df7de2446955eee0a1f10ed86e77?s=96&d=mm&r=g","height":96,"width":96}},"publisher":{"@type":"Organization","name":"gerards.cz","logo":{"@type":"ImageObject","@id":"\/logo.png","url":"\/logo.png","width":600,"height":60}},"image":{"@type":"ImageObject","@id":"https:\/\/www.gerards.cz\/wp-content\/uploads\/th%20(1)_5.jpg","url":"https:\/\/www.gerards.cz\/wp-content\/uploads\/th%20(1)_5.jpg","height":0,"width":0},"wordCount":595,"keywords":null},{"@type":"Article","@id":"https:\/\/www.gerards.cz\/zakladni-body-jak-dodrzovat-zdravy-zivotni-styl\/","headline":"Z\u00e1kladn\u00ed body jak dodr\u017eovat zdrav\u00fd \u017eivotn\u00ed styl","url":"https:\/\/www.gerards.cz\/zakladni-body-jak-dodrzovat-zdravy-zivotni-styl\/","datePublished":"2022-03-30","dateModified":"2022-03-30","mainEntityOfPage":"https:\/\/www.gerards.cz\/zakladni-body-jak-dodrzovat-zdravy-zivotni-styl\/","author":{"@type":"Person","@id":"https:\/\/www.gerards.cz\/author\/#Person","name":"","url":"https:\/\/www.gerards.cz\/author\/","identifier":1,"image":{"@type":"ImageObject","@id":"https:\/\/secure.gravatar.com\/avatar\/70bfba35016f640cc40a20bdb6eeeb519f15df7de2446955eee0a1f10ed86e77?s=96&d=mm&r=g","url":"https:\/\/secure.gravatar.com\/avatar\/70bfba35016f640cc40a20bdb6eeeb519f15df7de2446955eee0a1f10ed86e77?s=96&d=mm&r=g","height":96,"width":96}},"publisher":{"@type":"Organization","name":"gerards.cz","logo":{"@type":"ImageObject","@id":"\/logo.png","url":"\/logo.png","width":600,"height":60}},"image":{"@type":"ImageObject","@id":"https:\/\/www.gerards.cz\/wp-content\/uploads\/coffee-2390136_960_720.jpg","url":"https:\/\/www.gerards.cz\/wp-content\/uploads\/coffee-2390136_960_720.jpg","height":0,"width":0},"wordCount":563,"keywords":null},{"@type":"Article","@id":"https:\/\/www.gerards.cz\/moje-radost\/","headline":"Moje radost","url":"https:\/\/www.gerards.cz\/moje-radost\/","datePublished":"2022-03-21","dateModified":"2022-03-21","mainEntityOfPage":"https:\/\/www.gerards.cz\/moje-radost\/","author":{"@type":"Person","@id":"https:\/\/www.gerards.cz\/author\/#Person","name":"","url":"https:\/\/www.gerards.cz\/author\/","identifier":1,"image":{"@type":"ImageObject","@id":"https:\/\/secure.gravatar.com\/avatar\/70bfba35016f640cc40a20bdb6eeeb519f15df7de2446955eee0a1f10ed86e77?s=96&d=mm&r=g","url":"https:\/\/secure.gravatar.com\/avatar\/70bfba35016f640cc40a20bdb6eeeb519f15df7de2446955eee0a1f10ed86e77?s=96&d=mm&r=g","height":96,"width":96}},"publisher":{"@type":"Organization","name":"gerards.cz","logo":{"@type":"ImageObject","@id":"\/logo.png","url":"\/logo.png","width":600,"height":60}},"image":{"@type":"ImageObject","@id":"https:\/\/www.gerards.cz\/wp-content\/uploads\/dite4_10_3.jpg","url":"https:\/\/www.gerards.cz\/wp-content\/uploads\/dite4_10_3.jpg","height":0,"width":0},"wordCount":551,"keywords":null},{"@type":"Article","@id":"https:\/\/www.gerards.cz\/kose-nejen-dusickove\/","headline":"Ko\u0161e\u200b\u200b\u200b\u200b\u200b\u200b\u200b nejen du\u0161i\u010dkov\u00e9","url":"https:\/\/www.gerards.cz\/kose-nejen-dusickove\/","datePublished":"2022-02-28","dateModified":"2022-02-28","mainEntityOfPage":"https:\/\/www.gerards.cz\/kose-nejen-dusickove\/","author":{"@type":"Person","@id":"https:\/\/www.gerards.cz\/author\/#Person","name":"","url":"https:\/\/www.gerards.cz\/author\/","identifier":1,"image":{"@type":"ImageObject","@id":"https:\/\/secure.gravatar.com\/avatar\/70bfba35016f640cc40a20bdb6eeeb519f15df7de2446955eee0a1f10ed86e77?s=96&d=mm&r=g","url":"https:\/\/secure.gravatar.com\/avatar\/70bfba35016f640cc40a20bdb6eeeb519f15df7de2446955eee0a1f10ed86e77?s=96&d=mm&r=g","height":96,"width":96}},"publisher":{"@type":"Organization","name":"gerards.cz","logo":{"@type":"ImageObject","@id":"\/logo.png","url":"\/logo.png","width":600,"height":60}},"image":{"@type":"ImageObject","@id":"https:\/\/www.gerards.cz\/wp-content\/uploads\/geraniums-gac2978261_640.jpg","url":"https:\/\/www.gerards.cz\/wp-content\/uploads\/geraniums-gac2978261_640.jpg","height":0,"width":0},"wordCount":552,"keywords":null},{"@type":"Article","@id":"https:\/\/www.gerards.cz\/povidani-o-iphonech\/","headline":"Pov\u00edd\u00e1n\u00ed o Iphonech","url":"https:\/\/www.gerards.cz\/povidani-o-iphonech\/","datePublished":"2021-12-27","dateModified":"2021-12-27","mainEntityOfPage":"https:\/\/www.gerards.cz\/povidani-o-iphonech\/","author":{"@type":"Person","@id":"https:\/\/www.gerards.cz\/author\/#Person","name":"","url":"https:\/\/www.gerards.cz\/author\/","identifier":1,"image":{"@type":"ImageObject","@id":"https:\/\/secure.gravatar.com\/avatar\/70bfba35016f640cc40a20bdb6eeeb519f15df7de2446955eee0a1f10ed86e77?s=96&d=mm&r=g","url":"https:\/\/secure.gravatar.com\/avatar\/70bfba35016f640cc40a20bdb6eeeb519f15df7de2446955eee0a1f10ed86e77?s=96&d=mm&r=g","height":96,"width":96}},"publisher":{"@type":"Organization","name":"gerards.cz","logo":{"@type":"ImageObject","@id":"\/logo.png","url":"\/logo.png","width":600,"height":60}},"image":{"@type":"ImageObject","@id":"https:\/\/www.gerards.cz\/wp-content\/uploads\/phone-1869510_960_720_7.jpg","url":"https:\/\/www.gerards.cz\/wp-content\/uploads\/phone-1869510_960_720_7.jpg","height":0,"width":0},"wordCount":616,"keywords":null}]},{"@context":"https:\/\/schema.org","@type":"WebSite","@id":"https:\/\/www.gerards.cz\/#website","name":"Gerards","url":"https:\/\/www.gerards.cz","potentialAction":{"@type":"SearchAction","target":"https:\/\/www.gerards.cz\/?s={search_term_string}","query-input":"required name=search_term_string"}}]