[{"@context":"https:\/\/schema.org\/","@type":"Blog","@id":"https:\/\/www.gerards.cz#Blog","headline":"Gerards","description":"\nNa na\u0161em webu sice neum\u00edme d\u011blat z\u00e1zraky, ale d\u011bl\u00e1me tu ur\u010dit\u011b v\u0161e pro to, aby byly na\u0161e nab\u00eddky klidn\u011b i pr\u00e1v\u011b pro v\u00e1s ty nejlep\u0161\u00ed, jak\u00e9 si lze p\u0159edstavit.","url":"https:\/\/www.gerards.cz","hasPart":[{"@type":"Article","@id":"https:\/\/www.gerards.cz\/co-pro-svet-znamena-hrnicek\/","headline":"Co pro sv\u011bt znamen\u00e1 hrn\u00ed\u010dek?","url":"https:\/\/www.gerards.cz\/co-pro-svet-znamena-hrnicek\/","datePublished":"2023-01-10","dateModified":"2023-01-10","mainEntityOfPage":"https:\/\/www.gerards.cz\/co-pro-svet-znamena-hrnicek\/","author":{"@type":"Person","@id":"https:\/\/www.gerards.cz\/author\/#Person","name":"","url":"https:\/\/www.gerards.cz\/author\/","identifier":1,"image":{"@type":"ImageObject","@id":"https:\/\/secure.gravatar.com\/avatar\/70bfba35016f640cc40a20bdb6eeeb519f15df7de2446955eee0a1f10ed86e77?s=96&d=mm&r=g","url":"https:\/\/secure.gravatar.com\/avatar\/70bfba35016f640cc40a20bdb6eeeb519f15df7de2446955eee0a1f10ed86e77?s=96&d=mm&r=g","height":96,"width":96}},"publisher":{"@type":"Organization","name":"gerards.cz","logo":{"@type":"ImageObject","@id":"\/logo.png","url":"\/logo.png","width":600,"height":60}},"image":{"@type":"ImageObject","@id":"https:\/\/www.gerards.cz\/wp-content\/uploads\/coffee-g833462beb_640.jpg","url":"https:\/\/www.gerards.cz\/wp-content\/uploads\/coffee-g833462beb_640.jpg","height":0,"width":0},"wordCount":551,"keywords":null},{"@type":"Article","@id":"https:\/\/www.gerards.cz\/neni-nad-nebankovni-hypoteku\/","headline":"Nen\u00ed nad nebankovn\u00ed hypot\u00e9ku","url":"https:\/\/www.gerards.cz\/neni-nad-nebankovni-hypoteku\/","datePublished":"2023-01-10","dateModified":"2023-01-10","mainEntityOfPage":"https:\/\/www.gerards.cz\/neni-nad-nebankovni-hypoteku\/","author":{"@type":"Person","@id":"https:\/\/www.gerards.cz\/author\/#Person","name":"","url":"https:\/\/www.gerards.cz\/author\/","identifier":1,"image":{"@type":"ImageObject","@id":"https:\/\/secure.gravatar.com\/avatar\/70bfba35016f640cc40a20bdb6eeeb519f15df7de2446955eee0a1f10ed86e77?s=96&d=mm&r=g","url":"https:\/\/secure.gravatar.com\/avatar\/70bfba35016f640cc40a20bdb6eeeb519f15df7de2446955eee0a1f10ed86e77?s=96&d=mm&r=g","height":96,"width":96}},"publisher":{"@type":"Organization","name":"gerards.cz","logo":{"@type":"ImageObject","@id":"\/logo.png","url":"\/logo.png","width":600,"height":60}},"image":{"@type":"ImageObject","@id":"https:\/\/www.gerards.cz\/wp-content\/uploads\/coins-1772642_960_720.jpg","url":"https:\/\/www.gerards.cz\/wp-content\/uploads\/coins-1772642_960_720.jpg","height":0,"width":0},"wordCount":552,"keywords":null},{"@type":"Article","@id":"https:\/\/www.gerards.cz\/filmy-o-mode-ktere-musite-videt\/","headline":"Filmy o m\u00f3d\u011b, kter\u00e9 mus\u00edte vid\u011bt","url":"https:\/\/www.gerards.cz\/filmy-o-mode-ktere-musite-videt\/","datePublished":"2022-12-31","dateModified":"2022-12-31","mainEntityOfPage":"https:\/\/www.gerards.cz\/filmy-o-mode-ktere-musite-videt\/","author":{"@type":"Person","@id":"https:\/\/www.gerards.cz\/author\/#Person","name":"","url":"https:\/\/www.gerards.cz\/author\/","identifier":1,"image":{"@type":"ImageObject","@id":"https:\/\/secure.gravatar.com\/avatar\/70bfba35016f640cc40a20bdb6eeeb519f15df7de2446955eee0a1f10ed86e77?s=96&d=mm&r=g","url":"https:\/\/secure.gravatar.com\/avatar\/70bfba35016f640cc40a20bdb6eeeb519f15df7de2446955eee0a1f10ed86e77?s=96&d=mm&r=g","height":96,"width":96}},"publisher":{"@type":"Organization","name":"gerards.cz","logo":{"@type":"ImageObject","@id":"\/logo.png","url":"\/logo.png","width":600,"height":60}},"image":{"@type":"ImageObject","@id":"https:\/\/www.gerards.cz\/wp-content\/uploads\/pexels-sam-teano-14104156.jpg","url":"https:\/\/www.gerards.cz\/wp-content\/uploads\/pexels-sam-teano-14104156.jpg","height":0,"width":0},"wordCount":582,"keywords":null},{"@type":"Article","@id":"https:\/\/www.gerards.cz\/potrebujete-si-vzit-pujcku\/","headline":"Pot\u0159ebujete si vz\u00edt p\u016fj\u010dku?","url":"https:\/\/www.gerards.cz\/potrebujete-si-vzit-pujcku\/","datePublished":"2022-12-20","dateModified":"2022-12-20","mainEntityOfPage":"https:\/\/www.gerards.cz\/potrebujete-si-vzit-pujcku\/","author":{"@type":"Person","@id":"https:\/\/www.gerards.cz\/author\/#Person","name":"","url":"https:\/\/www.gerards.cz\/author\/","identifier":1,"image":{"@type":"ImageObject","@id":"https:\/\/secure.gravatar.com\/avatar\/70bfba35016f640cc40a20bdb6eeeb519f15df7de2446955eee0a1f10ed86e77?s=96&d=mm&r=g","url":"https:\/\/secure.gravatar.com\/avatar\/70bfba35016f640cc40a20bdb6eeeb519f15df7de2446955eee0a1f10ed86e77?s=96&d=mm&r=g","height":96,"width":96}},"publisher":{"@type":"Organization","name":"gerards.cz","logo":{"@type":"ImageObject","@id":"\/logo.png","url":"\/logo.png","width":600,"height":60}},"image":{"@type":"ImageObject","@id":"https:\/\/www.gerards.cz\/wp-content\/uploads\/euro-318587_960_720.jpg","url":"https:\/\/www.gerards.cz\/wp-content\/uploads\/euro-318587_960_720.jpg","height":0,"width":0},"wordCount":608,"keywords":null},{"@type":"Article","@id":"https:\/\/www.gerards.cz\/chcete-si-mit-kam-sednout\/","headline":"Chcete si m\u00edt kam sednout?","url":"https:\/\/www.gerards.cz\/chcete-si-mit-kam-sednout\/","datePublished":"2022-12-19","dateModified":"2023-12-19","mainEntityOfPage":"https:\/\/www.gerards.cz\/chcete-si-mit-kam-sednout\/","author":{"@type":"Person","@id":"https:\/\/www.gerards.cz\/author\/#Person","name":"","url":"https:\/\/www.gerards.cz\/author\/","identifier":1,"image":{"@type":"ImageObject","@id":"https:\/\/secure.gravatar.com\/avatar\/70bfba35016f640cc40a20bdb6eeeb519f15df7de2446955eee0a1f10ed86e77?s=96&d=mm&r=g","url":"https:\/\/secure.gravatar.com\/avatar\/70bfba35016f640cc40a20bdb6eeeb519f15df7de2446955eee0a1f10ed86e77?s=96&d=mm&r=g","height":96,"width":96}},"publisher":{"@type":"Organization","name":"gerards.cz","logo":{"@type":"ImageObject","@id":"\/logo.png","url":"\/logo.png","width":600,"height":60}},"image":{"@type":"ImageObject","@id":"https:\/\/www.gerards.cz\/wp-content\/uploads\/pergola-96822_640_10_10_5.jpg","url":"https:\/\/www.gerards.cz\/wp-content\/uploads\/pergola-96822_640_10_10_5.jpg","height":0,"width":0},"wordCount":579,"keywords":null},{"@type":"Article","@id":"https:\/\/www.gerards.cz\/solarni-panely\/","headline":"Sol\u00e1rn\u00ed panely","url":"https:\/\/www.gerards.cz\/solarni-panely\/","datePublished":"2022-12-12","dateModified":"2024-02-12","mainEntityOfPage":"https:\/\/www.gerards.cz\/solarni-panely\/","author":{"@type":"Person","@id":"https:\/\/www.gerards.cz\/author\/#Person","name":"","url":"https:\/\/www.gerards.cz\/author\/","identifier":1,"image":{"@type":"ImageObject","@id":"https:\/\/secure.gravatar.com\/avatar\/70bfba35016f640cc40a20bdb6eeeb519f15df7de2446955eee0a1f10ed86e77?s=96&d=mm&r=g","url":"https:\/\/secure.gravatar.com\/avatar\/70bfba35016f640cc40a20bdb6eeeb519f15df7de2446955eee0a1f10ed86e77?s=96&d=mm&r=g","height":96,"width":96}},"publisher":{"@type":"Organization","name":"gerards.cz","logo":{"@type":"ImageObject","@id":"\/logo.png","url":"\/logo.png","width":600,"height":60}},"image":{"@type":"ImageObject","@id":"https:\/\/www.gerards.cz\/wp-content\/uploads\/photovoltaic-2138992_960_720_4.jpg","url":"https:\/\/www.gerards.cz\/wp-content\/uploads\/photovoltaic-2138992_960_720_4.jpg","height":0,"width":0},"wordCount":574,"keywords":null},{"@type":"Article","@id":"https:\/\/www.gerards.cz\/revize-hromosvodu-neni-byrokraticky-nesmysl\/","headline":"Revize hromosvod\u016f nen\u00ed byrokratick\u00fd nesmysl","url":"https:\/\/www.gerards.cz\/revize-hromosvodu-neni-byrokraticky-nesmysl\/","datePublished":"2022-12-11","dateModified":"2022-12-11","mainEntityOfPage":"https:\/\/www.gerards.cz\/revize-hromosvodu-neni-byrokraticky-nesmysl\/","author":{"@type":"Person","@id":"https:\/\/www.gerards.cz\/author\/#Person","name":"","url":"https:\/\/www.gerards.cz\/author\/","identifier":1,"image":{"@type":"ImageObject","@id":"https:\/\/secure.gravatar.com\/avatar\/70bfba35016f640cc40a20bdb6eeeb519f15df7de2446955eee0a1f10ed86e77?s=96&d=mm&r=g","url":"https:\/\/secure.gravatar.com\/avatar\/70bfba35016f640cc40a20bdb6eeeb519f15df7de2446955eee0a1f10ed86e77?s=96&d=mm&r=g","height":96,"width":96}},"publisher":{"@type":"Organization","name":"gerards.cz","logo":{"@type":"ImageObject","@id":"\/logo.png","url":"\/logo.png","width":600,"height":60}},"image":{"@type":"ImageObject","@id":"https:\/\/www.gerards.cz\/wp-content\/uploads\/lightning-g857bb7f2b_640.jpg","url":"https:\/\/www.gerards.cz\/wp-content\/uploads\/lightning-g857bb7f2b_640.jpg","height":0,"width":0},"wordCount":539,"keywords":null},{"@type":"Article","@id":"https:\/\/www.gerards.cz\/zdravi-je-nejdulezitejsi\/","headline":"Zdrav\u00ed je nejd\u016fle\u017eit\u011bj\u0161\u00ed","url":"https:\/\/www.gerards.cz\/zdravi-je-nejdulezitejsi\/","datePublished":"2022-12-11","dateModified":"2024-01-04","mainEntityOfPage":"https:\/\/www.gerards.cz\/zdravi-je-nejdulezitejsi\/","author":{"@type":"Person","@id":"https:\/\/www.gerards.cz\/author\/#Person","name":"","url":"https:\/\/www.gerards.cz\/author\/","identifier":1,"image":{"@type":"ImageObject","@id":"https:\/\/secure.gravatar.com\/avatar\/70bfba35016f640cc40a20bdb6eeeb519f15df7de2446955eee0a1f10ed86e77?s=96&d=mm&r=g","url":"https:\/\/secure.gravatar.com\/avatar\/70bfba35016f640cc40a20bdb6eeeb519f15df7de2446955eee0a1f10ed86e77?s=96&d=mm&r=g","height":96,"width":96}},"publisher":{"@type":"Organization","name":"gerards.cz","logo":{"@type":"ImageObject","@id":"\/logo.png","url":"\/logo.png","width":600,"height":60}},"image":{"@type":"ImageObject","@id":"https:\/\/www.gerards.cz\/wp-content\/uploads\/hands-g8301b7aff_640.jpg","url":"https:\/\/www.gerards.cz\/wp-content\/uploads\/hands-g8301b7aff_640.jpg","height":0,"width":0},"wordCount":573,"keywords":null},{"@type":"Article","@id":"https:\/\/www.gerards.cz\/proc-si-poridit-dum-zrovna-v-chorvatsku\/","headline":"Pro\u010d si po\u0159\u00eddit d\u016fm zrovna v Chorvatsku","url":"https:\/\/www.gerards.cz\/proc-si-poridit-dum-zrovna-v-chorvatsku\/","datePublished":"2022-12-02","dateModified":"2022-12-02","mainEntityOfPage":"https:\/\/www.gerards.cz\/proc-si-poridit-dum-zrovna-v-chorvatsku\/","author":{"@type":"Person","@id":"https:\/\/www.gerards.cz\/author\/#Person","name":"","url":"https:\/\/www.gerards.cz\/author\/","identifier":1,"image":{"@type":"ImageObject","@id":"https:\/\/secure.gravatar.com\/avatar\/70bfba35016f640cc40a20bdb6eeeb519f15df7de2446955eee0a1f10ed86e77?s=96&d=mm&r=g","url":"https:\/\/secure.gravatar.com\/avatar\/70bfba35016f640cc40a20bdb6eeeb519f15df7de2446955eee0a1f10ed86e77?s=96&d=mm&r=g","height":96,"width":96}},"publisher":{"@type":"Organization","name":"gerards.cz","logo":{"@type":"ImageObject","@id":"\/logo.png","url":"\/logo.png","width":600,"height":60}},"image":{"@type":"ImageObject","@id":"https:\/\/www.gerards.cz\/wp-content\/uploads\/wave-g47cf4142d_640.jpg","url":"https:\/\/www.gerards.cz\/wp-content\/uploads\/wave-g47cf4142d_640.jpg","height":0,"width":0},"wordCount":568,"keywords":null},{"@type":"Article","@id":"https:\/\/www.gerards.cz\/zakaznici-se-musi-oslovit\/","headline":"Z\u00e1kazn\u00edci se mus\u00ed oslovit","url":"https:\/\/www.gerards.cz\/zakaznici-se-musi-oslovit\/","datePublished":"2022-11-29","dateModified":"2023-05-03","mainEntityOfPage":"https:\/\/www.gerards.cz\/zakaznici-se-musi-oslovit\/","author":{"@type":"Person","@id":"https:\/\/www.gerards.cz\/author\/#Person","name":"","url":"https:\/\/www.gerards.cz\/author\/","identifier":1,"image":{"@type":"ImageObject","@id":"https:\/\/secure.gravatar.com\/avatar\/70bfba35016f640cc40a20bdb6eeeb519f15df7de2446955eee0a1f10ed86e77?s=96&d=mm&r=g","url":"https:\/\/secure.gravatar.com\/avatar\/70bfba35016f640cc40a20bdb6eeeb519f15df7de2446955eee0a1f10ed86e77?s=96&d=mm&r=g","height":96,"width":96}},"publisher":{"@type":"Organization","name":"gerards.cz","logo":{"@type":"ImageObject","@id":"\/logo.png","url":"\/logo.png","width":600,"height":60}},"image":{"@type":"ImageObject","@id":"https:\/\/www.gerards.cz\/wp-content\/uploads\/bin%C3%A1rn%C3%AD%20k%C3%B3d_8.jpg","url":"https:\/\/www.gerards.cz\/wp-content\/uploads\/bin%C3%A1rn%C3%AD%20k%C3%B3d_8.jpg","height":0,"width":0},"wordCount":620,"keywords":null}]},{"@context":"https:\/\/schema.org","@type":"WebSite","@id":"https:\/\/www.gerards.cz\/#website","name":"Gerards","url":"https:\/\/www.gerards.cz","potentialAction":{"@type":"SearchAction","target":"https:\/\/www.gerards.cz\/?s={search_term_string}","query-input":"required name=search_term_string"}}]