[{"@context":"https:\/\/schema.org\/","@type":"Article","@id":"https:\/\/www.gerards.cz\/pekne-nove-zabradli\/#Article","mainEntityOfPage":"https:\/\/www.gerards.cz\/pekne-nove-zabradli\/","headline":"P\u011bkn\u00e9 nov\u00e9 z\u00e1bradl\u00ed","name":"P\u011bkn\u00e9 nov\u00e9 z\u00e1bradl\u00ed","description":"V\u017edycky jsem to cht\u011bla m\u00edt v kuchyni a v ob\u00fdv\u00e1ku p\u011bkn\u00e9. V\u017edycky jsem tou\u017eila po tom, \u017ee budu m\u00edt spojenou &hellip; ","datePublished":"2022-10-29","dateModified":"2023-05-03","author":{"@type":"Person","@id":"https:\/\/www.gerards.cz\/author\/#Person","name":"","url":"https:\/\/www.gerards.cz\/author\/","identifier":1,"image":{"@type":"ImageObject","@id":"https:\/\/secure.gravatar.com\/avatar\/70bfba35016f640cc40a20bdb6eeeb519f15df7de2446955eee0a1f10ed86e77?s=96&d=mm&r=g","url":"https:\/\/secure.gravatar.com\/avatar\/70bfba35016f640cc40a20bdb6eeeb519f15df7de2446955eee0a1f10ed86e77?s=96&d=mm&r=g","height":96,"width":96}},"publisher":{"@type":"Organization","name":"gerards.cz","logo":{"@type":"ImageObject","@id":"\/logo.png","url":"\/logo.png","width":600,"height":60}},"image":{"@type":"ImageObject","@id":"https:\/\/www.gerards.cz\/wp-content\/uploads\/stairs-1615678_960_720.jpg","url":"https:\/\/www.gerards.cz\/wp-content\/uploads\/stairs-1615678_960_720.jpg","height":0,"width":0},"url":"https:\/\/www.gerards.cz\/pekne-nove-zabradli\/","about":["V\u00fdrobky"],"wordCount":431,"articleBody":"   V\u017edycky jsem to cht\u011bla m\u00edt v kuchyni a v ob\u00fdv\u00e1ku p\u011bkn\u00e9. V\u017edycky jsem tou\u017eila po tom, \u017ee budu m\u00edt spojenou kuchy\u0148 s ob\u00fdv\u00e1kem, proto\u017ee je to podle m\u011b hodn\u011b praktick\u00e9. A hodn\u011b se mi to l\u00edbilo, proto\u017ee jsem se p\u0159est\u011bhovala do star\u0161\u00edho domu, kdy byla ka\u017ed\u00e1 m\u00edstnost zvl\u00e1\u0161\u0165 a m\u011b se to tak moc nel\u00edbilo. M\u00e1m r\u00e1da jin\u00fd, sp\u00ed\u0161e jednodu\u0161\u0161\u00ed styl. Te\u010f sice ch\u00e1pu, \u017ee tohle je taky praktick\u00e9 kv\u016fli tomu, \u017ee si m\u016f\u017eete dve\u0159e zav\u0159\u00edt a m\u00e1te klid. Jenom\u017ee m\u011b se ale hodn\u011b l\u00edb\u00ed, kdy\u017e jsou velk\u00e9 a prostorn\u00e9 m\u00edstnosti. M\u00e1m r\u00e1da vzdu\u0161n\u00e9 m\u00edstnosti. Tak\u017ee jsem s p\u0159\u00edtelem rozhodla, \u017ee probour\u00e1me ze\u010f z kuchyn\u011b a do ob\u00fdvac\u00edho pokoje. Mysl\u00edm se, \u017ee to byl opravdu skv\u011bl\u00fd n\u00e1pad, proto\u017ee alespo\u0148 takhle bude v\u00edce m\u00edsta. A kdy\u017e jsme to ud\u011blali, tak jsme potom je\u0161t\u011b p\u0159em\u00fd\u0161leli, jak\u00e9 d\u00e1me z\u00e1bradl\u00ed z kuchyn\u011b do sklepa. M\u011bli jsme sklep pod kuchyn\u00ed. Mysl\u00edm si, \u017ee je to takto v\u00edce prakti\u010dt\u011bj\u0161\u00ed. P\u0159\u00edtel cht\u011bl oby\u010dejn\u00e9 plastov\u00e9 z\u00e1bradl\u00ed, kter\u00e9 se ale v\u016fbec nel\u00edbilo mn\u011b. V\u00edte, m\u011b se nejv\u00edce l\u00edbilo samoz\u0159ejm\u011b kovan\u00e9 z\u00e1bradl\u00ed. Sice ch\u00e1pu, \u017ee kovan\u00e9 z\u00e1bradl\u00ed je o n\u011bco dra\u017e\u0161\u00ed ne\u017e plastov\u00e9 z\u00e1bradl\u00ed, ale zase kovan\u00e9 z\u00e1bradl\u00ed je v\u00edce praktick\u00e9 a v\u00edce odoln\u00e9. Kovan\u00e9 z\u00e1bradl\u00ed v\u00edce vydr\u017e\u00ed a taky na to alespo\u0148 mohu t\u0159eba zav\u011bsit t\u011b\u017ek\u00e9 ta\u0161ky s n\u00e1kupem. Moc r\u00e1da taky chod\u00edm nakupovat a t\u0159eba nev\u00edm kam m\u00e1m potom skladovat brambory anebo zeleninu. Tak jsem si \u0159ekla, \u017ee bych za dve\u0159e na kovan\u00e9 z\u00e1bradl\u00ed mohla si d\u00e1t mo\u017en\u00e9 h\u00e1\u010dky, kam si t\u0159eba pov\u011bs\u00edm s\u00e1\u010dku brambory nebo cibuli anebo dal\u0161\u00ed zeleninu. A byla jsem nakonec r\u00e1da, \u017ee p\u0159\u00edtel s kovan\u00fdm z\u00e1bradl\u00edm souhlasil, proto\u017ee u\u017e uznal s\u00e1m, \u017ee bude v\u00edce praktick\u00e9. Utratili jsme za n\u011bj docela dost pen\u011bz, ale v\u016fbec toho nelitujeme. Jde n\u00e1m hlavn\u011b o to, aby bylo norm\u00e1ln\u00ed a aby to bylo funk\u010dn\u00ed a estetick\u00e9. A jak\u00e9 m\u00e1te doma z\u00e1bradl\u00ed vy? M\u00e1te taky sv\u016fj obl\u00edben\u00fd materi\u00e1l? Nebojte se taky kombinac\u00ed.                                                                                                                                                                                                                                                                                                                                                                                           4\/5 - (7 votes)        "},{"@context":"https:\/\/schema.org\/","@type":"BreadcrumbList","itemListElement":[{"@type":"ListItem","position":1,"name":"P\u011bkn\u00e9 nov\u00e9 z\u00e1bradl\u00ed","item":"https:\/\/www.gerards.cz\/pekne-nove-zabradli\/#breadcrumbitem"}]}]