[{"@context":"https:\/\/schema.org\/","@type":"Article","@id":"https:\/\/www.gerards.cz\/pevne-bedny\/#Article","mainEntityOfPage":"https:\/\/www.gerards.cz\/pevne-bedny\/","headline":"Pevn\u00e9 bedny","name":"Pevn\u00e9 bedny","description":"V\u011b\u0159ili byste tomu, \u017ee kdy\u017e m\u00e1te doma opravdu hodn\u011b m\u00edsta, tak potom skladujete v\u00edce zbyte\u010dn\u00fdch v\u011bc\u00ed? Tohle je pr\u00fd dok\u00e1z\u00e1no. &hellip; ","datePublished":"2023-04-24","dateModified":"2023-04-24","author":{"@type":"Person","@id":"https:\/\/www.gerards.cz\/author\/#Person","name":"","url":"https:\/\/www.gerards.cz\/author\/","identifier":1,"image":{"@type":"ImageObject","@id":"https:\/\/secure.gravatar.com\/avatar\/70bfba35016f640cc40a20bdb6eeeb519f15df7de2446955eee0a1f10ed86e77?s=96&d=mm&r=g","url":"https:\/\/secure.gravatar.com\/avatar\/70bfba35016f640cc40a20bdb6eeeb519f15df7de2446955eee0a1f10ed86e77?s=96&d=mm&r=g","height":96,"width":96}},"publisher":{"@type":"Organization","name":"gerards.cz","logo":{"@type":"ImageObject","@id":"\/logo.png","url":"\/logo.png","width":600,"height":60}},"image":{"@type":"ImageObject","@id":"https:\/\/www.gerards.cz\/wp-content\/uploads\/food-2200650_960_720_1.jpg","url":"https:\/\/www.gerards.cz\/wp-content\/uploads\/food-2200650_960_720_1.jpg","height":0,"width":0},"url":"https:\/\/www.gerards.cz\/pevne-bedny\/","about":["V\u00fdrobky"],"wordCount":423,"articleBody":"      V\u011b\u0159ili byste tomu, \u017ee kdy\u017e m\u00e1te doma opravdu hodn\u011b m\u00edsta, tak potom skladujete v\u00edce zbyte\u010dn\u00fdch v\u011bc\u00ed? Tohle je pr\u00fd dok\u00e1z\u00e1no. Ale kdy\u017e nad t\u00edm tak p\u0159em\u00fd\u0161l\u00edm, tak vlastn\u011b ona je to pravda, proto\u017ee si pamatuji, jak moje babi\u010dka v\u017edycky \u0159\u00edkala, \u017ee kdy\u017e m\u011bli doma n\u011bjak\u00e9 voln\u00e9 m\u00edsto, tak to d\u011bde\u010dek v\u017edycky mus\u00ed zaplnit n\u011bjak\u00fdm bordelem. Ne schv\u00e1ln\u011b, ale jednodu\u0161e m\u011bl takovou touhu to m\u00edsto n\u011b\u010d\u00edm zaplnit. Sice nech\u00e1pu, jak je tohle mo\u017en\u00e9 a co je na tom pravdy, ale kdy\u017e tak p\u0159em\u00fd\u0161l\u00edm n\u011bco na tom asi bude, i kdy\u017e to nev\u00edm jist\u011b. Proto jsem si \u0159ekla, \u017ee rad\u011bji, ne\u017e abych si zahlcovala cel\u00fd d\u016fm nezbytn\u00fdmi v\u011bcmi, \u017ee si po\u0159\u00edd\u00edm rad\u011bji n\u011bjak\u00e9 plastov\u00e9 p\u0159epravky, kam budu v\u0161echno skladovat.Proto\u017ee opravdu nem\u00e1m r\u00e1da, kdy\u017e mi n\u011bkde n\u011bco jenom tak vy\u010dn\u00edv\u00e1 a nen\u00ed to uspo\u0159\u00e1dan\u00e9. M\u00e1m r\u00e1da uspo\u0159\u00e1danost a klid. Proto m\u011b velice p\u0159ekvapilo, kdy\u017e m\u016fj p\u0159\u00edtel nenavrhl, \u017ee si z webov\u00e9 str\u00e1nky schoellerallibert.com objedn\u00e1me n\u011bjak\u00e9 plastov\u00e9 bedny anebo plastov\u00e9 p\u0159epravky a boxy. V tu chv\u00edli jsem nad t\u00edm p\u0159em\u00fd\u0161lela, \u017ee by to nebylo \u0161patn\u00e9. Proto\u017ee takhle alespo\u0148 zamez\u00edme tomu, \u017ee nebudeme skladovat r\u016fzn\u00e9 zbyte\u010dn\u00e9 v\u011bci a bordel. A zn\u00e1m tak\u00e9 p\u00e1r p\u0159\u00edpad\u016f, kdy lid\u00e9 v\u0161echno skladuj\u00ed doma a potom maj\u00ed doma takov\u00e9 haramp\u00e1d\u00ed, \u017ee potom nev\u00edm, co s t\u00edm d\u011blat. Tak\u00e9 m\u011b velice zaujalo a byla jsem r\u00e1da, \u017ee existuj\u00ed firmy jako nap\u0159\u00edklad tahle plastov\u00e1 bedna, kter\u00e1 db\u00e1 opravdu na vysokou kvalitu a nez\u00e1vadnost plastov\u00fdch beden. Mn\u011b se tohle opravdu hodilo, proto\u017ee jsem tak\u00e9 cht\u011bla do n\u011b\u010deho d\u00e1vat zimn\u00ed v\u011bci a na dal\u0161\u00ed sezonu zase letn\u00ed v\u011bci. Abychom nem\u011bli v\u0161echno ve sk\u0159\u00edni. Tak\u017ee v\u00e1m taky doporu\u010d\u00edm tuto opravdu kvalitn\u00ed spole\u010dnost. A tak\u00e9 nezbytn\u00e9 plastov\u00e9 bedny od t\u00e9to firmy, proto\u017ee maj\u00ed opravdu vysokou kvalitu a tak\u00e9 dbaj\u00ed na to, aby z\u00e1kazn\u00edci byli v\u017edycky spokojen\u00ed. A tento p\u0159\u00edstup se mi l\u00edb\u00ed, tak\u017ee nen\u00ed opravdu od v\u011bci podpo\u0159it tuto firmu, kter\u00e1 v\u00e1m dod\u00e1 opravdu kvalitn\u00ed zbo\u017e\u00ed.                                                                                                                                                                                                                                                                                                                                                                                          4.6\/5 - (10 votes)        "},{"@context":"https:\/\/schema.org\/","@type":"BreadcrumbList","itemListElement":[{"@type":"ListItem","position":1,"name":"Pevn\u00e9 bedny","item":"https:\/\/www.gerards.cz\/pevne-bedny\/#breadcrumbitem"}]}]