[{"@context":"https:\/\/schema.org\/","@type":"Article","@id":"https:\/\/www.gerards.cz\/piknik-na-koberci-s-prateli\/#Article","mainEntityOfPage":"https:\/\/www.gerards.cz\/piknik-na-koberci-s-prateli\/","headline":"Piknik na koberci s p\u0159\u00e1teli","name":"Piknik na koberci s p\u0159\u00e1teli","description":"P\u0159edstavte si, \u017ee se sejdete v dom\u011b, kter\u00fd ob\u00fdv\u00e1te, ve v\u011bt\u0161\u00edm po\u010dtu s va\u0161imi p\u0159\u00e1teli, a uspo\u0159\u00e1d\u00e1te pro n\u011b v\u00edkendov\u00fd &hellip; ","datePublished":"2022-09-10","dateModified":"2023-05-03","author":{"@type":"Person","@id":"https:\/\/www.gerards.cz\/author\/#Person","name":"","url":"https:\/\/www.gerards.cz\/author\/","identifier":1,"image":{"@type":"ImageObject","@id":"https:\/\/secure.gravatar.com\/avatar\/70bfba35016f640cc40a20bdb6eeeb519f15df7de2446955eee0a1f10ed86e77?s=96&d=mm&r=g","url":"https:\/\/secure.gravatar.com\/avatar\/70bfba35016f640cc40a20bdb6eeeb519f15df7de2446955eee0a1f10ed86e77?s=96&d=mm&r=g","height":96,"width":96}},"publisher":{"@type":"Organization","name":"gerards.cz","logo":{"@type":"ImageObject","@id":"\/logo.png","url":"\/logo.png","width":600,"height":60}},"image":{"@type":"ImageObject","@id":"https:\/\/www.gerards.cz\/wp-content\/uploads\/carpet-g434ff80c0_640.jpg","url":"https:\/\/www.gerards.cz\/wp-content\/uploads\/carpet-g434ff80c0_640.jpg","height":0,"width":0},"url":"https:\/\/www.gerards.cz\/piknik-na-koberci-s-prateli\/","about":["Byznys"],"wordCount":442,"articleBody":"   P\u0159edstavte si, \u017ee se sejdete v dom\u011b, kter\u00fd ob\u00fdv\u00e1te, ve v\u011bt\u0161\u00edm po\u010dtu s va\u0161imi p\u0159\u00e1teli, a uspo\u0159\u00e1d\u00e1te pro n\u011b v\u00edkendov\u00fd piknik. Del\u0161\u00ed dobu jste se nevid\u011bli a t\u011b\u0161\u00edte se, jak si zas po dlouh\u00e9 dob\u011b vym\u011bn\u00edte sv\u00e9 \u017eivotn\u00ed pro\u017eitky. M\u016f\u017ee to prob\u00edhat t\u0159eba tak, \u017ee spole\u010dn\u011b p\u0159iprav\u00edte t\u011bsto na pala\u010dinky a budete je n\u00e1sledn\u011b serv\u00edrovat v ob\u00fdvac\u00edm pokoji. A proto\u017ee se v\u00e1s tu sejde v\u00edc, klidn\u011b je m\u016f\u017eete m\u00edt na serv\u00edrovac\u00edm podnosu polo\u017een\u00e9 na koberci. Ostatn\u011b, nen\u00ed to v\u016fbec \u0161patn\u00fd n\u00e1pad, kdy\u017e tu budete m\u00edt p\u0159i ruce ubrousky a pr\u016fb\u011b\u017en\u011b p\u0159i uj\u00edd\u00e1n\u00ed pala\u010dinek budete na podlaze skl\u00e1dat va\u0161e obl\u00edben\u00e9 puzzle, kter\u00e9 n\u011bkdo z v\u00e1s p\u0159ivezl jako drobnou pozornost. Mezit\u00edm se z reproduktor\u016f ozve obl\u00edben\u00fd hudebn\u00ed retro titul, anebo vyprost\u00edte ze \u0161upl\u00edku star\u00fd gramofon a p\u0159ipomenete si dobu \u010dernob\u00edl\u00fdch film\u016f z prvn\u00ed republiky a hudebn\u00ed produkci Jaroslava  Je\u017eka , Voskovce a Wericha.M\u016f\u017ee to b\u00fdt b\u00e1je\u010dn\u00fd ve\u010der pln\u00fd z\u00e1bavy a vzru\u0161en\u00ed, m\u016f\u017eete se tu bavit t\u0159eba do p\u016flnoci a teprve v p\u016fl druh\u00e9 r\u00e1no se v\u00e1m poda\u0159\u00ed usnout, kdy\u017e mezit\u00edm na koberci rozestelete matrace pro do\u010dasn\u00e9 p\u0159esp\u00e1v\u00e1n\u00ed va\u0161ich host\u016f. M\u016f\u017ee v\u0161e prob\u00edhat v \u00fa\u017easn\u00e9m rytmu, pokud bude koberec \u010dist\u00fd a vo\u0148av\u00fd.T\u00edmto jsme v\u00e1m cht\u011bli jen nazna\u010dit, jak z\u00e1sadn\u00ed je udr\u017eovat koberce v byt\u011b pr\u016fb\u011b\u017en\u011b v \u010distot\u011b, proto\u017ee se m\u016f\u017ee st\u00e1t, \u017ee k v\u00e1m zav\u00edt\u00e1 n\u00e1v\u0161t\u011bva neo\u010dek\u00e1van\u011b, anebo se ohl\u00e1s\u00ed, ale jen t\u0159i dny p\u0159edem, jen\u017ee v\u00e1\u0161 koberec zrovna nebude v dobr\u00e9 kondici. Byl by to po\u0159\u00e1dn\u00fd trapas, kdybyste uspo\u0159\u00e1dali piknik mezi vy\u0161lapan\u00fdmi cesti\u010dkami, za\u0161l\u00fdmi skvrnami od rozlit\u00e9 k\u00e1vy a om\u00e1\u010dky a nav\u00edc s od\u00e9rem, kter\u00fd ka\u017ed\u00e9mu napov\u00ed, \u017ee se po koberci proh\u00e1n\u00edte naboso. Nenech\u00e1vejte nic n\u00e1hod\u011b a i pro v\u00e1\u0161 vlastn\u00ed dobr\u00fd pocit m\u011bjte koberce \u010dis\u0165ounk\u00e9, jako kdy\u017e jste je pr\u00e1v\u011b po\u0159\u00eddili v obchod\u011b. V sou\u010dasn\u00e9 dob\u011b ji\u017e existuj\u00ed stroje \u010di\u0161t\u011bn\u00ed koberc\u016f v Praze 6, s nimi\u017e zbav\u00edte vl\u00e1kna koberc\u016f i t\u011bch nejv\u00edce za\u0161lapan\u00fdch ne\u010distot.                                                                                                                                                                                                                                                                                                                                                                                          4.4\/5 - (5 votes)        "},{"@context":"https:\/\/schema.org\/","@type":"BreadcrumbList","itemListElement":[{"@type":"ListItem","position":1,"name":"Piknik na koberci s p\u0159\u00e1teli","item":"https:\/\/www.gerards.cz\/piknik-na-koberci-s-prateli\/#breadcrumbitem"}]}]