[{"@context":"https:\/\/schema.org\/","@type":"Article","@id":"https:\/\/www.gerards.cz\/prace-je-u-kterych-je-vas-pracovni-nastroj-mobil\/#Article","mainEntityOfPage":"https:\/\/www.gerards.cz\/prace-je-u-kterych-je-vas-pracovni-nastroj-mobil\/","headline":"Pr\u00e1ce je, u kter\u00fdch je v\u00e1\u0161 pracovn\u00ed n\u00e1stroj mobil","name":"Pr\u00e1ce je, u kter\u00fdch je v\u00e1\u0161 pracovn\u00ed n\u00e1stroj mobil","description":"Mobiln\u00ed telefony jsou v na\u0161em sv\u011bt\u011b velice hojn\u011b vyu\u017e\u00edvan\u00e1 za\u0159\u00edzen\u00ed, kter\u00e9 vyu\u017e\u00edv\u00e1me opravdu dennodenn\u011b. Mnoz\u00ed z n\u00e1s si b\u011b\u017en\u00fd \u017eivotn\u00ed &hellip; ","datePublished":"2022-05-06","dateModified":"2022-05-06","author":{"@type":"Person","@id":"https:\/\/www.gerards.cz\/author\/#Person","name":"","url":"https:\/\/www.gerards.cz\/author\/","identifier":1,"image":{"@type":"ImageObject","@id":"https:\/\/secure.gravatar.com\/avatar\/70bfba35016f640cc40a20bdb6eeeb519f15df7de2446955eee0a1f10ed86e77?s=96&d=mm&r=g","url":"https:\/\/secure.gravatar.com\/avatar\/70bfba35016f640cc40a20bdb6eeeb519f15df7de2446955eee0a1f10ed86e77?s=96&d=mm&r=g","height":96,"width":96}},"publisher":{"@type":"Organization","name":"gerards.cz","logo":{"@type":"ImageObject","@id":"\/logo.png","url":"\/logo.png","width":600,"height":60}},"image":{"@type":"ImageObject","@id":"https:\/\/www.gerards.cz\/wp-content\/uploads\/Mu%C5%BE%20s%20telefonem_10.jpg","url":"https:\/\/www.gerards.cz\/wp-content\/uploads\/Mu%C5%BE%20s%20telefonem_10.jpg","height":0,"width":0},"url":"https:\/\/www.gerards.cz\/prace-je-u-kterych-je-vas-pracovni-nastroj-mobil\/","about":["Mobil"],"wordCount":419,"articleBody":"Mobiln\u00ed telefony jsou v na\u0161em sv\u011bt\u011b velice hojn\u011b vyu\u017e\u00edvan\u00e1 za\u0159\u00edzen\u00ed, kter\u00e9 vyu\u017e\u00edv\u00e1me opravdu dennodenn\u011b. Mnoz\u00ed z n\u00e1s si b\u011b\u017en\u00fd \u017eivotn\u00ed den bez mobiln\u00edho telefonu ani nedok\u00e1\u017e\u00ed p\u0159edstavit. Nen\u00ed se v\u016fbec \u010demu divit, proto\u017ee dne\u0161n\u00ed b\u011b\u017en\u00fd den by bez mobiln\u00edho telefonu ani ne\u0161el. Pokud chceme plnit z\u00e1jmy spole\u010dnosti, a to jak\u00e9 spole\u010dnost nastaven\u00e1 respektovat, mobiln\u00ed telefony k tomu prost\u011b pot\u0159ebovat budeme. Mobiln\u00ed telefon vyu\u017e\u00edv\u00e1me naprosto ke v\u0161emu, a\u0165 u\u017e v pr\u00e1ci b\u011b\u017en\u00e9m \u017eivot\u011b pro komunikaci s bl\u00edzk\u00fdmi, tak t\u0159eba pouze pro pobaven\u00ed, a to t\u00edm, \u017ee si st\u00e1hneme n\u011bjakou aplikaci \u010di hru nad kterou se pak pobav\u00edme. Dneska ale z\u016fstaneme u t\u00e9matu, kter\u00e9 spojuje mobiln\u00ed telefony a na\u0161\u00ed pr\u00e1ci. Spole\u010dn\u011b si dnes rozebereme a pod\u00edv\u00e1me se na n\u011bjak\u00e9 pracovn\u00ed pozice, ke kter\u00fdm n\u00e1m sta\u010d\u00ed pouze n\u00e1\u0161 mobiln\u00ed telefon.\u00a0Copywriter\u00a0Copywriting je \u010dinnost, p\u0159i kter\u00e9 p\u00ed\u0161eme n\u011bjak\u00e9 \u010dl\u00e1nky, anebo p\u0159episujeme ur\u010dit\u00e9 texty. K t\u00e9to pr\u00e1ci je samoz\u0159ejm\u011b \u00fapln\u011b nejlep\u0161\u00ed volbou za\u0159\u00edzen\u00ed, kter\u00e9 m\u00e1 k sob\u011b kl\u00e1vesnici, co\u017e je samoz\u0159ejm\u011b po\u010d\u00edta\u010d. Ov\u0161em tato pr\u00e1ce lze vykon\u00e1vat nap\u0159\u00edklad i na va\u0161em mobiln\u00edm telefonu. D\u00edky technologi\u00edm, kter\u00e9 jdou opravdu dop\u0159edu a m\u016f\u017eete vyu\u017e\u00edvat i na sv\u00fdch mobiln\u00edch za\u0159\u00edzen\u00edch, m\u016f\u017eete texty ps\u00e1t nap\u0159\u00edklad hlasem. Proto v\u00e1m k t\u00e9to pr\u00e1ci sta\u010d\u00ed pouze va\u0161e za\u0159\u00edzen\u00ed a n\u011bjak\u00fd textov\u00fd soubor, kter\u00fd bude m\u00edt mo\u017enost zaznamen\u00e1vat do n\u011bj pozn\u00e1mky.\u00a0Telefonista\u00a0Dal\u0161\u00ed zam\u011bstn\u00e1n\u00ed, ke kter\u00e9mu n\u00e1m bude sta\u010dit pouze n\u00e1\u0161 mobiln\u00ed telefon, je takzvan\u00fd telefonista, nebo jak to v dne\u0161n\u00ed dob\u011b v\u0161ichni zn\u00e1me pod pojmem nab\u00edze\u010d. Jak jist\u011b v\u0161ichni dob\u0159e v\u00edme, tahle pr\u00e1ce nen\u00ed moc vd\u011b\u010dn\u00e1. Z\u00e1le\u017e\u00ed ale tak\u00e9 samoz\u0159ejm\u011b, do jak\u00e9 firmy se dostanete. Spousta lid\u00ed nem\u00e1 r\u00e1do, pokud jim zavol\u00e1te z n\u00e1hodn\u00e9ho \u010d\u00edsla v moment\u011b, kdy si nic nep\u0159ej\u00ed, a takzvan\u011b je tro\u0161ku otravujete. Ov\u0161em opa\u010dnou mo\u017enost\u00ed je a pro v\u00e1s ur\u010dit\u011b tou p\u0159\u00edjemn\u011bj\u0161\u00ed, kdy\u017e n\u011bjak\u00fd \u010dlov\u011bk, z\u00e1kazn\u00edk po\u017e\u00e1d\u00e1 o va\u0161i pomoc a vy potom vol\u00e1te.\u00a0                                                                                                                                                                                                                                                                                                                                                                                        4.4\/5 - (9 votes)        "},{"@context":"https:\/\/schema.org\/","@type":"BreadcrumbList","itemListElement":[{"@type":"ListItem","position":1,"name":"Pr\u00e1ce je, u kter\u00fdch je v\u00e1\u0161 pracovn\u00ed n\u00e1stroj mobil","item":"https:\/\/www.gerards.cz\/prace-je-u-kterych-je-vas-pracovni-nastroj-mobil\/#breadcrumbitem"}]}]