[{"@context":"https:\/\/schema.org\/","@type":"Article","@id":"https:\/\/www.gerards.cz\/proc-nosime-casteji-bryle\/#Article","mainEntityOfPage":"https:\/\/www.gerards.cz\/proc-nosime-casteji-bryle\/","headline":"Pro\u010d nos\u00edme \u010dast\u011bji br\u00fdle?","name":"Pro\u010d nos\u00edme \u010dast\u011bji br\u00fdle?","description":"V dne\u0161n\u00ed dob\u011b nos\u00ed br\u00fdle opravdu hodn\u011b lid\u00ed. Ur\u010dit\u011b jste n\u011bkdy potkali n\u011bkoho, kdo nos\u00ed br\u00fdle, proto\u017ee je takov\u00fdch opravdu &hellip; ","datePublished":"2022-09-10","dateModified":"2023-05-03","author":{"@type":"Person","@id":"https:\/\/www.gerards.cz\/author\/#Person","name":"","url":"https:\/\/www.gerards.cz\/author\/","identifier":1,"image":{"@type":"ImageObject","@id":"https:\/\/secure.gravatar.com\/avatar\/70bfba35016f640cc40a20bdb6eeeb519f15df7de2446955eee0a1f10ed86e77?s=96&d=mm&r=g","url":"https:\/\/secure.gravatar.com\/avatar\/70bfba35016f640cc40a20bdb6eeeb519f15df7de2446955eee0a1f10ed86e77?s=96&d=mm&r=g","height":96,"width":96}},"publisher":{"@type":"Organization","name":"gerards.cz","logo":{"@type":"ImageObject","@id":"\/logo.png","url":"\/logo.png","width":600,"height":60}},"image":{"@type":"ImageObject","@id":"https:\/\/www.gerards.cz\/wp-content\/uploads\/glasses-gff971ace7_640.jpg","url":"https:\/\/www.gerards.cz\/wp-content\/uploads\/glasses-gff971ace7_640.jpg","height":0,"width":0},"url":"https:\/\/www.gerards.cz\/proc-nosime-casteji-bryle\/","about":["V\u00fdrobky"],"wordCount":482,"articleBody":"           V dne\u0161n\u00ed dob\u011b nos\u00ed br\u00fdle opravdu hodn\u011b lid\u00ed. Ur\u010dit\u011b jste n\u011bkdy potkali n\u011bkoho, kdo nos\u00ed br\u00fdle, proto\u017ee je takov\u00fdch opravdu hodn\u011b. Sta\u010d\u00ed se pod\u00edvat v pr\u00e1ci nebo ve \u0161kole, kolik va\u0161ich koleg\u016f nebo spolu\u017e\u00e1k\u016f nos\u00ed br\u00fdle a zjist\u00edte, \u017ee je to opravdu velk\u00e9 procento lid\u00ed. Jist\u011b jste n\u011bkdy potkali n\u011bkoho, kdo m\u011bl po ruce pouzdro na br\u00fdle. Pak samoz\u0159ejm\u011b z\u00e1le\u017e\u00ed, v jak\u00e9 skupin\u011b lid\u00ed se nach\u00e1z\u00edte. Ka\u017ed\u00fd toti\u017e nos\u00ed jin\u00e9 br\u00fdle, n\u011bkdo nevid\u00ed do d\u00e1lky, a tak nos\u00ed br\u00fdle na d\u00e1lku a n\u011bkdo zase v\u00fdborn\u011b vid\u00ed do d\u00e1lky, ale v\u016fbec nevid\u00ed do bl\u00edzka. Tito lid\u00e9 nos\u00ed br\u00fdle na bl\u00edzko, tedy v\u011bt\u0161inou kdy\u017e jsou n\u011bco \u010d\u00edst a podobn\u011b, nebo jdou d\u011blat n\u011bjakou tit\u011brnou pr\u00e1ci. To, jak\u00fd zrak zrovna pou\u017e\u00edv\u00e1me  https:\/\/www.prozeny.cz\/clanek\/oralni-erotika-v-hlavni-roli-proc-pri-libani-pouzivame-jazyk-40610 se pr\u00e1v\u011b odraz\u00ed od toho, jak\u00e9 br\u00fdle budeme v budoucnu pot\u0159ebovat a jak\u00fd zrak se n\u00e1m zhor\u0161\u00ed. Pokud se n\u00e1m zhor\u0161\u00ed zrak do d\u00e1lky, pot\u0159ebujeme br\u00fdle do d\u00e1lky, tedy je nos\u00edme po\u0159\u00e1d (krom\u011b \u010dten\u00ed a podobn\u011b). V\u011bt\u0161inou se tomu d\u011bje, kdy\u017e se hodn\u011b d\u00edv\u00e1me nabl\u00edzko a cel\u00fd \u017eivot prakticky jen ost\u0159\u00edme. Pokud pracujete tedy na po\u010d\u00edta\u010di, dost mo\u017en\u00e1 m\u00e1te br\u00fdle na d\u00e1lku, proto\u017ee tr\u00e9nujete zrak jen na bl\u00edzko. V\u011bt\u0161ina mlad\u00fdch m\u00e1 tedy br\u00fdle na d\u00e1lku, proto\u017ee dne\u0161n\u00ed generace sed\u00ed u monitoru a tr\u00e9nuje sp\u00ed\u0161e zrak na kr\u00e1tkou vzd\u00e1lenost.Star\u0161\u00ed generace zase m\u00edv\u00e1 hor\u0161\u00ed zrak na bl\u00edzko, proto\u017ee d\u0159\u00edve se v\u011bt\u0161inou pracovalo v r\u016fzn\u00fdch fabrik\u00e1ch a venku, kde se lid\u00e9 d\u00edvali do d\u00e1lky a nepot\u0159ebovali se prakticky zam\u011b\u0159ovat na nic, co by bylo na bl\u00edzko. Proto v\u011bt\u0161inou star\u0161\u00ed generace nos\u00ed br\u00fdle na \u010dten\u00ed, proto\u017ee jak byli mlad\u0161\u00ed, netr\u00e9novali zrak na bl\u00edzko, ale byli zvykl\u00ed se d\u00edvat pouze do d\u00e1lky. Pak je t\u0159et\u00ed mo\u017enost, pro\u010d lid\u00e9 nos\u00ed br\u00fdle, a to je ta, \u017ee jsou jednodu\u0161e sta\u0159\u00ed. S p\u0159ib\u00fdvaj\u00edc\u00edm v\u011bkem se zhor\u0161uje zrak, to je obecn\u011b zn\u00e1mo. Ono se prakticky zhor\u0161uje \u00fapln\u011b v\u0161echno, nejen zrak. Tak\u017ee nen\u00ed \u017e\u00e1dn\u00e9 p\u0159ekvapen\u00ed, kdy\u017e se star\u00e9mu \u010dlov\u011bku zhor\u0161\u00ed zrak. V\u011bt\u0161inou ale star\u00fd \u010dlov\u011bk op\u011bt pou\u017e\u00edv\u00e1 br\u00fdle na bl\u00edzko, tedy na \u010dten\u00ed, proto\u017ee to je pr\u00e1v\u011b ta generace, kter\u00e1 pot\u0159ebovala jen zrak na d\u00e1lku a ned\u00edvala se na nic moc na bl\u00edzko.                                                                                                                                                                                                                                                                                                                                                                                                  "},{"@context":"https:\/\/schema.org\/","@type":"BreadcrumbList","itemListElement":[{"@type":"ListItem","position":1,"name":"Pro\u010d nos\u00edme \u010dast\u011bji br\u00fdle?","item":"https:\/\/www.gerards.cz\/proc-nosime-casteji-bryle\/#breadcrumbitem"}]}]