[{"@context":"https:\/\/schema.org\/","@type":"Article","@id":"https:\/\/www.gerards.cz\/proc-si-poridit-dum-zrovna-v-chorvatsku\/#Article","mainEntityOfPage":"https:\/\/www.gerards.cz\/proc-si-poridit-dum-zrovna-v-chorvatsku\/","headline":"Pro\u010d si po\u0159\u00eddit d\u016fm zrovna v Chorvatsku","name":"Pro\u010d si po\u0159\u00eddit d\u016fm zrovna v Chorvatsku","description":"Nemovitosti na prodej v Chorvatsku v\u00e1s mohou dov\u00e9st k zamy\u0161len\u00ed, pro\u010d nakupovat rekrea\u010dn\u00ed objekt, \u010di p\u0159\u00edmo dokonce d\u016fm k celoro\u010dn\u00edmu &hellip; ","datePublished":"2022-12-02","dateModified":"2022-12-02","author":{"@type":"Person","@id":"https:\/\/www.gerards.cz\/author\/#Person","name":"","url":"https:\/\/www.gerards.cz\/author\/","identifier":1,"image":{"@type":"ImageObject","@id":"https:\/\/secure.gravatar.com\/avatar\/70bfba35016f640cc40a20bdb6eeeb519f15df7de2446955eee0a1f10ed86e77?s=96&d=mm&r=g","url":"https:\/\/secure.gravatar.com\/avatar\/70bfba35016f640cc40a20bdb6eeeb519f15df7de2446955eee0a1f10ed86e77?s=96&d=mm&r=g","height":96,"width":96}},"publisher":{"@type":"Organization","name":"gerards.cz","logo":{"@type":"ImageObject","@id":"\/logo.png","url":"\/logo.png","width":600,"height":60}},"image":{"@type":"ImageObject","@id":"https:\/\/www.gerards.cz\/wp-content\/uploads\/wave-g47cf4142d_640.jpg","url":"https:\/\/www.gerards.cz\/wp-content\/uploads\/wave-g47cf4142d_640.jpg","height":0,"width":0},"url":"https:\/\/www.gerards.cz\/proc-si-poridit-dum-zrovna-v-chorvatsku\/","about":["Byznys"],"wordCount":412,"articleBody":" Nemovitosti na prodej v Chorvatsku v\u00e1s mohou dov\u00e9st k zamy\u0161len\u00ed, pro\u010d nakupovat rekrea\u010dn\u00ed objekt, \u010di p\u0159\u00edmo dokonce d\u016fm k celoro\u010dn\u00edmu bydlen\u00ed, pr\u00e1v\u011b tam. Pro\u010d zrovna Chorvatsko, pro\u010d d\u00e1t p\u0159ednost t\u00e9to zemi, a ne jin\u00e9?P\u0159\u00edjemn\u00e9 podneb\u00ed \u2013 Komu vyhovuje sp\u00ed\u0161e teplo a r\u00e1d se od jara do podzimu pohybuje v p\u0159\u00edrod\u011b i v obydlen\u00fdch oblastech sp\u00ed\u0161e v kr\u00e1tk\u00fdch kalhot\u00e1ch, v tri\u010dku a naboso, Chorvatsko je t\u00edm prav\u00fdm m\u00edstem. M\u00edt na sob\u011b jen lehk\u00fd od\u011bv je tak\u00e9 p\u0159\u00edjemn\u011bj\u0161\u00ed a rozhodn\u011b \u010dlov\u011bku p\u0159irozen\u00e9, mnohem v\u00edc, ne\u017e neust\u00e1le chodit navle\u010den\u00ed ve svetrech a bund\u00e1ch.\u00daspora energi\u00ed \u2013 nejv\u011bt\u0161\u00ed polo\u017ekou v rodinn\u00e9m rozpo\u010dtu jsou platby za energie a potraviny. O cen\u00e1ch potravin se nen\u00ed nutn\u00e9 zmi\u0148ovat, ov\u0161em m\u00e1te-li vlastn\u00ed d\u016fm se zahradou, m\u016f\u017eete si nap\u0159. ovoce a zeleninu vyp\u011bstovat sami. Hor\u0161\u00ed je to s energiemi, tam mnoho mo\u017enost\u00ed na v\u00fdrazn\u00e9 \u00faspory nen\u00ed, i kdy\u017e je mo\u017en\u00e9 topit d\u0159evem a vyu\u017e\u00edvat fotovoltaiku \u010di tepeln\u00e1 \u010derpadla, ale p\u0159ece jen jednou z nejv\u00fdznamn\u011bj\u0161\u00edch \u00faspor za vyt\u00e1p\u011bn\u00ed je p\u0159est\u011bhovat se do \u201etepl\u00fdch krajin\u201c tak, jak to prov\u00e1d\u00ed n\u011bkte\u0159\u00ed ta\u017en\u00ed pt\u00e1ci. M\u016f\u017eete to ud\u011blat nap\u0159\u00edklad jako Stehl\u00edk obecn\u00fd, ten od n\u00e1s odl\u00e9t\u00e1 do Chorvatska, aby tu p\u0159e\u010dkal chladnou zimu a mraziv\u00e9 po\u010das\u00ed. V Chorvatsku rozhodn\u011b nebudete platit tolik za vyt\u00e1p\u011bn\u00ed, jako u n\u00e1s.Kr\u00e1sn\u00e1 p\u0159\u00edroda \u2013 nejen u mo\u0159e, ale i ve vnitrozem\u00ed je co objevovat. Kr\u00e1sn\u00e1 p\u0159\u00edroda v\u00e1m tu u\u010daruje a m\u016f\u017eete tu podnikat v\u00fdlety autem i p\u011b\u0161ky.Plitvick\u00e1 jezera \u2013 kdo je\u0161t\u011b nic nesly\u0161el o Plitvick\u00fdch jezerech, m\u011bl by zhl\u00e9dnout film \u201ePoklad na st\u0159\u00edbrn\u00e9m jeze\u0159e\u201c z roku 1962. A\u017e si film st\u00e1hnete a pust\u00edte, jist\u011b pochop\u00edte, pro\u010d se o n\u011bm v souvislosti s Chorvatskem zmi\u0148ujeme.Mo\u0159e na dosah ruky \u2013 a kone\u010dn\u011b do Chorvatska jezd\u00ed lid\u00e9 p\u0159edev\u0161\u00edm kv\u016fli mo\u0159sk\u00e9 hladin\u011b, kterou v \u010cesk\u00e9 republice nem\u00e1me a ani m\u00edt nem\u016f\u017eeme. Bylo by asi zbyte\u010dn\u00e9 komentovat, \u010d\u00edm v\u0161\u00edm dok\u00e1\u017ee mo\u0159e okouzlit a motivovat.                                                                                                                                                                                                                                                                                                                                                                                         4.1\/5 - (11 votes)        "},{"@context":"https:\/\/schema.org\/","@type":"BreadcrumbList","itemListElement":[{"@type":"ListItem","position":1,"name":"Pro\u010d si po\u0159\u00eddit d\u016fm zrovna v Chorvatsku","item":"https:\/\/www.gerards.cz\/proc-si-poridit-dum-zrovna-v-chorvatsku\/#breadcrumbitem"}]}]