[{"@context":"https:\/\/schema.org\/","@type":"Article","@id":"https:\/\/www.gerards.cz\/psani-blogu\/#Article","mainEntityOfPage":"https:\/\/www.gerards.cz\/psani-blogu\/","headline":"Psan\u00ed blogu","name":"Psan\u00ed blogu","description":"Zn\u00e1te je\u0161t\u011b ty popul\u00e1rn\u00ed \u010dasy, kdy si lid\u00e9 psali blogy? A nemysl\u00edm t\u00edm blogy do se\u0161itu jako ru\u010dn\u00ed psan\u00ed, ale &hellip; ","datePublished":"2022-10-16","dateModified":"2023-05-03","author":{"@type":"Person","@id":"https:\/\/www.gerards.cz\/author\/#Person","name":"","url":"https:\/\/www.gerards.cz\/author\/","identifier":1,"image":{"@type":"ImageObject","@id":"https:\/\/secure.gravatar.com\/avatar\/70bfba35016f640cc40a20bdb6eeeb519f15df7de2446955eee0a1f10ed86e77?s=96&d=mm&r=g","url":"https:\/\/secure.gravatar.com\/avatar\/70bfba35016f640cc40a20bdb6eeeb519f15df7de2446955eee0a1f10ed86e77?s=96&d=mm&r=g","height":96,"width":96}},"publisher":{"@type":"Organization","name":"gerards.cz","logo":{"@type":"ImageObject","@id":"\/logo.png","url":"\/logo.png","width":600,"height":60}},"image":{"@type":"ImageObject","@id":"https:\/\/www.gerards.cz\/wp-content\/uploads\/paper-623167_960_720_1.jpg","url":"https:\/\/www.gerards.cz\/wp-content\/uploads\/paper-623167_960_720_1.jpg","height":0,"width":0},"url":"https:\/\/www.gerards.cz\/psani-blogu\/","about":["Byznys"],"wordCount":443,"articleBody":"         Zn\u00e1te je\u0161t\u011b ty popul\u00e1rn\u00ed \u010dasy, kdy si lid\u00e9 psali blogy? A nemysl\u00edm t\u00edm blogy do se\u0161itu jako ru\u010dn\u00ed psan\u00ed, ale mysl\u00edm t\u00edm internetov\u00fd blog. Je to velice zaj\u00edmav\u00e9, proto\u017ee v d\u0159\u00edv\u011bj\u0161\u00edch letech, je\u0161t\u011b p\u0159ed dvaceti lety jsi to psal skoro opravdu ka\u017ed\u00fd. D\u0159\u00edve to bylo velmi popul\u00e1rn\u00ed hlavn\u011b mezi mlad\u00fdmi lidmi. Mnoho lid\u00ed si psalo t\u0159eba takov\u00e9 blogy o tom, \u017ee tam psali r\u016fzn\u00e9 b\u00e1sn\u011b anebo tam psali r\u016fzn\u00e9 \u00faryvky ze \u017eivota. Mohli si tam ps\u00e1t n\u011bco vymy\u0161len\u00e9ho, klidn\u011b taky n\u011bco ze \u017eivota, co ale d\u00e1v\u00e1 smysl. A proto\u017ee d\u0159\u00edve jak byly blogy popul\u00e1rn\u00ed, bylo jich st\u00e1le m\u00e1lo. Tak\u017ee se t\u00edm taky dalo docela slu\u0161n\u011b u\u017eivit. Kdo psal opravdu skv\u011bl\u00e9 blogy, mohl taky b\u00fdt u\u017e v dne\u0161n\u00ed dob\u011b milion\u00e1\u0159. V dne\u0161n\u00ed dob\u011b u\u017e se blogy moc nep\u00ed\u0161ou, proto\u017ee v dne\u0161n\u00ed dob\u011b se sp\u00ed\u0161e postuj\u00ed obr\u00e1zky s mal\u00fdm kr\u00e1tk\u00fdm popiskem. J\u00e1 osobn\u011b jsem se taky psala dva blogy, ale u\u017e m\u011b to moc nebav\u00ed.Jeden byl o zv\u00ed\u0159atech a druh\u00fd bylo b\u00e1sn\u00edch. Moc r\u00e1da jsem si skl\u00e1dala b\u00e1sn\u011b. Kdy\u017e jsme ale u blogu, tak u\u017e i mnoho firem p\u00ed\u0161e sv\u00e9 blogy. A to t\u0159eba i o havarijn\u00ed slu\u017eba. A kdy\u017e jsem se dozv\u011bd\u011bla, \u017ee t\u0159eba o \u00faniku vod\u011b v byt\u011b m\u016f\u017ee taky n\u011bkdo ps\u00e1t blog, tak jsem se hodn\u011b divila. V\u016fbec jsem nev\u011bd\u011bla, \u017ee t\u0159eba taky i topen\u00ed v podlaze m\u00e1 sv\u016fj vlastn\u00ed blog. Ale kdy\u017e to tak vezmu, tak je to vlastn\u011b super! Pro n\u00e1s spot\u0159ebitele se to opravdu hod\u00ed, m\u00e1me alespo\u0148 p\u0159edstava, co by n\u00e1s v p\u0159\u00edpad\u011b pot\u0159eby \u010dekalo, a to se hod\u00ed. Zaj\u00edm\u00e1 m\u011b to, tak\u017ee jsem se samoz\u0159ejm\u011b pod\u00edvala ze zv\u011bdavosti na internet. A m\u011bla jsem pravdu. I havarijn\u00ed slu\u017eby maj\u00ed sv\u016fj osobn\u00ed blog. A na druhou stranu to je zase p\u011bkn\u00e9 v tom, \u017ee ka\u017ed\u00fd z\u00e1kazn\u00edk n\u011bjak\u00e9 firmy si m\u016f\u017ee p\u0159e\u010d\u00edst r\u016fzn\u00e9 blogy o tom, co ho p\u0159i oprav\u011b \u010dek\u00e1. Jsou tam taky r\u016fzn\u00e9 cen\u00edky a informace, jak havarijn\u00ed slu\u017eby postupuj\u00ed p\u0159i sv\u00e9 pr\u00e1ci a o co se zaj\u00edmaj\u00ed. Tak\u017ee pokud si s n\u011b\u010d\u00edm nev\u00edte rady, koukn\u011bte se na blog firmy.                                                                                                                                                                                                                                                                                                                                                                                           4.6\/5 - (7 votes)        "},{"@context":"https:\/\/schema.org\/","@type":"BreadcrumbList","itemListElement":[{"@type":"ListItem","position":1,"name":"Psan\u00ed blogu","item":"https:\/\/www.gerards.cz\/psani-blogu\/#breadcrumbitem"}]}]