[{"@context":"https:\/\/schema.org\/","@type":"Article","@id":"https:\/\/www.gerards.cz\/s-drony-od-nasi-firmy-budete-mit-skvele-zabery\/#Article","mainEntityOfPage":"https:\/\/www.gerards.cz\/s-drony-od-nasi-firmy-budete-mit-skvele-zabery\/","headline":"S drony od na\u0161\u00ed firmy budete m\u00edt skv\u011bl\u00e9 z\u00e1b\u011bry","name":"S drony od na\u0161\u00ed firmy budete m\u00edt skv\u011bl\u00e9 z\u00e1b\u011bry","description":"Jste i vy nad\u0161encem focen\u00ed a vide\u00ed a pot\u0159ebujete naj\u00edt n\u011bkoho, kdo v\u00e1m d\u00e1 v\u017edy a jen tu nejvy\u0161\u0161\u00ed mo\u017enou &hellip; ","datePublished":"2024-04-27","dateModified":"2024-04-27","author":{"@type":"Person","@id":"https:\/\/www.gerards.cz\/author\/#Person","name":"","url":"https:\/\/www.gerards.cz\/author\/","identifier":1,"image":{"@type":"ImageObject","@id":"https:\/\/secure.gravatar.com\/avatar\/70bfba35016f640cc40a20bdb6eeeb519f15df7de2446955eee0a1f10ed86e77?s=96&d=mm&r=g","url":"https:\/\/secure.gravatar.com\/avatar\/70bfba35016f640cc40a20bdb6eeeb519f15df7de2446955eee0a1f10ed86e77?s=96&d=mm&r=g","height":96,"width":96}},"publisher":{"@type":"Organization","name":"gerards.cz","logo":{"@type":"ImageObject","@id":"\/logo.png","url":"\/logo.png","width":600,"height":60}},"url":"https:\/\/www.gerards.cz\/s-drony-od-nasi-firmy-budete-mit-skvele-zabery\/","wordCount":218,"articleBody":"Jste i vy nad\u0161encem focen\u00ed a vide\u00ed a pot\u0159ebujete naj\u00edt n\u011bkoho, kdo v\u00e1m d\u00e1 v\u017edy a jen tu nejvy\u0161\u0161\u00ed mo\u017enou kvalitu? Chcete modern\u00ed a kvalitn\u00ed vybaven\u00ed, kter\u00e9 spln\u00ed va\u0161e po\u017eadavky, a po\u0159\u00edd\u00edte si d\u00edky n\u011bmu kvalitn\u00ed z\u00e1b\u011bry, kter\u00e9 budou velmi netradi\u010dn\u00ed? Pokud je tomu tak, je pro v\u00e1s na\u0161e spole\u010dnost t\u00edm, komu se d\u00e1 doopravdy d\u016fv\u011b\u0159ovat a kdo v\u00e1m d\u00e1 skv\u011blou pomoc. Specializujeme se na drony s kamerou a m\u016f\u017eete si b\u00fdt jist\u00ed t\u00edm, \u017ee jsme pro v\u00e1s takov\u00fdm partnerem, kter\u00e9mu se d\u00e1 v\u017edy a ve v\u0161em d\u016fv\u011b\u0159ovat, jak je to jen mo\u017en\u00e9. I d\u00edky tomu si na\u0161e firma z\u00edskala skv\u011blou pov\u011bst a i vy si m\u016f\u017eete b\u00fdt jist\u00ed t\u00edm doopravdy nejlep\u0161\u00edm mo\u017en\u00fdm \u0159e\u0161en\u00edm.\tI vy si u n\u00e1s jist\u011b vyberete to, co chceteGarantujeme v\u00e1m, \u017ee si u n\u00e1s i vy vyberete to, co chcete a pot\u0159ebujete. Na\u0161e nab\u00eddka je doopravdy \u0161irok\u00e1 a m\u016f\u017eete si b\u00fdt jist\u00ed t\u00edm, \u017ee v\u00e1m d\u00e1me tu nejlep\u0161\u00ed mo\u017enou pomoc.                                                                                                                                                                                                                                                                                                                                                                                        3.7\/5 - (10 votes)        "},{"@context":"https:\/\/schema.org\/","@type":"BreadcrumbList","itemListElement":[{"@type":"ListItem","position":1,"name":"S drony od na\u0161\u00ed firmy budete m\u00edt skv\u011bl\u00e9 z\u00e1b\u011bry","item":"https:\/\/www.gerards.cz\/s-drony-od-nasi-firmy-budete-mit-skvele-zabery\/#breadcrumbitem"}]}]