[{"@context":"https:\/\/schema.org\/","@type":"Article","@id":"https:\/\/www.gerards.cz\/skvely-bazen\/#Article","mainEntityOfPage":"https:\/\/www.gerards.cz\/skvely-bazen\/","headline":"Skv\u011bl\u00fd baz\u00e9n","name":"Skv\u011bl\u00fd baz\u00e9n","description":"Taky m\u00e1te doma na zahrad\u011b baz\u00e9n? A star\u00e1te se o n\u011bj? Proto\u017ee mnoho lid\u00ed se \u00fapln\u011b t\u011b\u0161\u00ed, \u017ee budou m\u00edt &hellip; ","datePublished":"2022-09-18","dateModified":"2023-05-03","author":{"@type":"Person","@id":"https:\/\/www.gerards.cz\/author\/#Person","name":"","url":"https:\/\/www.gerards.cz\/author\/","identifier":1,"image":{"@type":"ImageObject","@id":"https:\/\/secure.gravatar.com\/avatar\/70bfba35016f640cc40a20bdb6eeeb519f15df7de2446955eee0a1f10ed86e77?s=96&d=mm&r=g","url":"https:\/\/secure.gravatar.com\/avatar\/70bfba35016f640cc40a20bdb6eeeb519f15df7de2446955eee0a1f10ed86e77?s=96&d=mm&r=g","height":96,"width":96}},"publisher":{"@type":"Organization","name":"gerards.cz","logo":{"@type":"ImageObject","@id":"\/logo.png","url":"\/logo.png","width":600,"height":60}},"image":{"@type":"ImageObject","@id":"https:\/\/www.gerards.cz\/wp-content\/uploads\/swimmers-79592_960_720_1.jpg","url":"https:\/\/www.gerards.cz\/wp-content\/uploads\/swimmers-79592_960_720_1.jpg","height":0,"width":0},"url":"https:\/\/www.gerards.cz\/skvely-bazen\/","about":["V\u00fdrobky"],"wordCount":424,"articleBody":"        Taky m\u00e1te doma na zahrad\u011b baz\u00e9n? A star\u00e1te se o n\u011bj? Proto\u017ee mnoho lid\u00ed se \u00fapln\u011b t\u011b\u0161\u00ed, \u017ee budou m\u00edt doma baz\u00e9n. Ale potom to vypad\u00e1 tak, \u017ee se o n\u011b v\u016fbec nestaraj\u00ed. To potom dopad\u00e1 tak, \u017ee m\u00e1  je ejich baz\u00e9n zelenou vodu nebo kalnou vodu. Taky nen\u00ed opravdu moc p\u0159\u00edjemn\u00e9, kdy\u017e tam t\u0159eba plave n\u011bjak\u00fd prach anebo l\u00edstky a nebo mrtv\u00fd hmyz. Tohle se mi st\u00e1valo opravdu \u010dasto, bohu\u017eel a lituji toho. Proto\u017ee jsem v\u016fbec nedbala na to, bych si po\u0159\u00eddila n\u011bjak\u00e9 nap\u0159\u00edklad tepeln\u00e9 \u010derpadlo anebo n\u011bjak\u00e1 \u010distidla, jako t\u0159eba nap\u0159\u00edklad chlor. A j\u00e1 jsem sice m\u011bla chlorovan\u00e9 tablety. Samoz\u0159ejm\u011b tohle nesta\u010d\u00ed, Pokud m\u00e1te velk\u00fd baz\u00e9n jako my doma.Chce to n\u011bjak\u00e9 tepeln\u00e9 \u010derpadlo. A p\u0159\u00edprava tepeln\u00e9ho \u010derpadla je takov\u00e1, \u017ee si ho mus\u00edte po\u0159\u00e1dn\u011b p\u0159ipravit, taky p\u0159e\u010d\u00edst hlavn\u011b manu\u00e1l. Kolikr\u00e1t jsem to zkou\u0161ela, ale nepovedlo se mi to. Proto p\u0159\u00edprava pro tepeln\u00e9 \u010derpadlo spo\u010d\u00edv\u00e1 hlavn\u011b pro ty, kte\u0159\u00ed se v tom vyznaj\u00ed a maj\u00ed v tom n\u011bjakou praxi. Proto bych se t\u0159eba obr\u00e1tila na firmu bazenygluc.cz, kde p\u0159\u00edprava pro tepeln\u00e9 \u010derpadlo je pro n\u011b hra\u010dka. Oni se t\u00edm zab\u00fdvaj\u00ed. Taky si u nich m\u016f\u017eete vybrat nap\u0159\u00edklad baz\u00e9ny. T\u0159eba nap\u0159\u00edklad baz\u00e9nov\u00e9 sety. Baz\u00e9nov\u00e9 sety u\u017e jsou s t\u00edm \u010derpadlem, tak se nemus\u00edte b\u00e1t, \u017ee by v\u00e1m n\u011bco chyb\u011blo. A m\u016f\u017eete si vybrat taky zaoblen\u00fd baz\u00e9n anebo obd\u00e9ln\u00edkov\u00fd \u010di ov\u00e1ln\u00fd baz\u00e9n. Z\u00e1le\u017e\u00ed pouze na v\u00e1s, jak\u00fd se v\u00e1m l\u00edb\u00ed sty baz\u00e9nu nebo jak\u00fd se v\u00e1m hod\u00ed na va\u0161i zahradu. Hlavn\u011b nezapome\u0148te na n\u011bjak\u00e9 \u010disti\u010dky vody jako nap\u0159\u00edklad tepeln\u00e9 \u010derpadlo, kter\u00e9 jsem v\u00e1m ur\u010dit\u011b vyplat\u00ed, proto\u017ee je kvalitn\u00ed a opravdu dok\u00e1\u017ee vodu perfektn\u011b vy\u010distit. A taky oh\u0159\u00e1t. Tak\u017ee se nebojte, proto\u017ee p\u0159\u00edprava tepeln\u00e9ho \u010derpadla Bazenygluc je sice slo\u017eit\u00e1 a chce to cvik v rukou, ale pokud v\u00e1m to uk\u00e1\u017ee a pop\u00ed\u0161e odborn\u00edk, tak se nemus\u00edte b\u00e1t. J\u00e1 osobn\u011b ale d\u00e1v\u00e1m p\u0159ednost profesion\u00e1l\u016fm. Alespo\u0148 to m\u00e1m pak na n\u011bkoho sv\u00e9=st, pokud se to n\u011bjak rozbije. A to je prima.                                                                                                                                                                                                                                                                                                                                                                                          4.6\/5 - (11 votes)        "},{"@context":"https:\/\/schema.org\/","@type":"BreadcrumbList","itemListElement":[{"@type":"ListItem","position":1,"name":"Skv\u011bl\u00fd baz\u00e9n","item":"https:\/\/www.gerards.cz\/skvely-bazen\/#breadcrumbitem"}]}]