[{"@context":"https:\/\/schema.org\/","@type":"Article","@id":"https:\/\/www.gerards.cz\/vsude-ciha-riziko\/#Article","mainEntityOfPage":"https:\/\/www.gerards.cz\/vsude-ciha-riziko\/","headline":"V\u0161ude \u010d\u00edh\u00e1 riziko","name":"V\u0161ude \u010d\u00edh\u00e1 riziko","description":"V\u00a0dne\u0161n\u00ed dob\u011b u\u017e se \u010dlov\u011bk nem\u016f\u017ee nikde c\u00edtit dostate\u010dn\u011b v\u00a0bezpe\u010d\u00ed. A kdo se div\u00ed, pro\u010d by se n\u011bkde nem\u011bl c\u00edtit &hellip; ","datePublished":"2024-11-25","dateModified":"2024-11-25","author":{"@type":"Person","@id":"https:\/\/www.gerards.cz\/author\/#Person","name":"","url":"https:\/\/www.gerards.cz\/author\/","identifier":1,"image":{"@type":"ImageObject","@id":"https:\/\/secure.gravatar.com\/avatar\/70bfba35016f640cc40a20bdb6eeeb519f15df7de2446955eee0a1f10ed86e77?s=96&d=mm&r=g","url":"https:\/\/secure.gravatar.com\/avatar\/70bfba35016f640cc40a20bdb6eeeb519f15df7de2446955eee0a1f10ed86e77?s=96&d=mm&r=g","height":96,"width":96}},"publisher":{"@type":"Organization","name":"gerards.cz","logo":{"@type":"ImageObject","@id":"\/logo.png","url":"\/logo.png","width":600,"height":60}},"url":"https:\/\/www.gerards.cz\/vsude-ciha-riziko\/","wordCount":247,"articleBody":"\tV\u00a0dne\u0161n\u00ed dob\u011b u\u017e se \u010dlov\u011bk nem\u016f\u017ee nikde c\u00edtit dostate\u010dn\u011b v\u00a0bezpe\u010d\u00ed. A kdo se div\u00ed, pro\u010d by se n\u011bkde nem\u011bl c\u00edtit bezpe\u010dn\u011b, ten by si m\u011bl \u010das od \u010dasu zapnout televizn\u00ed zpravodajstv\u00ed anebo si p\u0159e\u010d\u00edst noviny. V\u017edy\u0165 nemine den, aby se n\u011bkde na sv\u011bt\u011b nesemlelo n\u011bjak\u00e9 velik\u00e9 ne\u0161t\u011bst\u00ed. A od doby, kdy vypukla krize na Bl\u00edzk\u00e9m v\u00fdchod\u011b, nav\u00edc nez\u0159\u00eddka doch\u00e1z\u00ed k\u00a0nebezpe\u010dn\u00fdm \u00fatok\u016fm na Evropany. Tak\u017ee d\u016fvod\u016f k\u00a0obav\u00e1m o sv\u00e9 zdrav\u00ed a \u017eivot m\u00e1 dne\u0161n\u00ed \u010dlov\u011bk, bohu\u017eel, v\u00edce ne\u017e dost.\tVyb\u00edrejte si, kam p\u016fjdeteA aby se \u010dlov\u011bku nic nestalo a do\u017eil se dal\u0161\u00edch sv\u00fdch narozenin, tak je na m\u00edst\u011b, aby si pe\u010dliv\u011b vyb\u00edral akce, kter\u00e9 nav\u0161t\u011bvuje a m\u00edsta, kde pob\u00fdv\u00e1. Nen\u00ed proto radno chodit na velik\u00e9 diskot\u00e9ky, na festivaly a koncerty, kde se v\u017edy sejde na jednom m\u00edst\u011b tis\u00edcihlav\u00e1 masa lid\u00ed, ani se p\u0159\u00edli\u0161 zviditel\u0148ovat s\u00a0luxusn\u00edmi \u0161perky \u010di oble\u010den\u00edm. A kdy\u017e u\u017e \u010dlov\u011bk takov\u00e9 m\u00edsto nutn\u011b pot\u0159ebuje nav\u0161t\u00edvit, tak pak by si m\u011bl p\u0159ednostn\u011b vybrat takov\u00e9, kde se pohybuje ostraha objekt\u016f a kde je v\u0161e tak dokonale monitorov\u00e1no, \u017ee tam neproklouzne ani jedna podez\u0159el\u00e1 my\u0161.                                                                                                                                                                                                                                                                                                                                                                                        3\/5 - (4 votes)        "},{"@context":"https:\/\/schema.org\/","@type":"BreadcrumbList","itemListElement":[{"@type":"ListItem","position":1,"name":"V\u0161ude \u010d\u00edh\u00e1 riziko","item":"https:\/\/www.gerards.cz\/vsude-ciha-riziko\/#breadcrumbitem"}]}]