[{"@context":"https:\/\/schema.org\/","@type":"Article","@id":"https:\/\/www.gerards.cz\/vyrobte-adventni-kalendar-pro-sve-deti\/#Article","mainEntityOfPage":"https:\/\/www.gerards.cz\/vyrobte-adventni-kalendar-pro-sve-deti\/","headline":"Vyrobte adventn\u00ed kalend\u00e1\u0159 pro sv\u00e9 d\u011bti","name":"Vyrobte adventn\u00ed kalend\u00e1\u0159 pro sv\u00e9 d\u011bti","description":"Adventn\u00edch kalend\u00e1\u0159\u016f najdete v\u00a0p\u0159edv\u00e1no\u010dn\u00edm obdob\u00ed spoustu snad ve v\u0161ech obchodech a e-shopech. U\u017e d\u00e1vno se neprod\u00e1vaj\u00ed pouze oby\u010dejn\u00e9 a levn\u00e9 &hellip; ","datePublished":"2022-06-25","dateModified":"2023-05-03","author":{"@type":"Person","@id":"https:\/\/www.gerards.cz\/author\/#Person","name":"","url":"https:\/\/www.gerards.cz\/author\/","identifier":1,"image":{"@type":"ImageObject","@id":"https:\/\/secure.gravatar.com\/avatar\/70bfba35016f640cc40a20bdb6eeeb519f15df7de2446955eee0a1f10ed86e77?s=96&d=mm&r=g","url":"https:\/\/secure.gravatar.com\/avatar\/70bfba35016f640cc40a20bdb6eeeb519f15df7de2446955eee0a1f10ed86e77?s=96&d=mm&r=g","height":96,"width":96}},"publisher":{"@type":"Organization","name":"gerards.cz","logo":{"@type":"ImageObject","@id":"\/logo.png","url":"\/logo.png","width":600,"height":60}},"image":{"@type":"ImageObject","@id":"https:\/\/www.gerards.cz\/wp-content\/uploads\/pexels-laura-james-6102000.jpg","url":"https:\/\/www.gerards.cz\/wp-content\/uploads\/pexels-laura-james-6102000.jpg","height":0,"width":0},"url":"https:\/\/www.gerards.cz\/vyrobte-adventni-kalendar-pro-sve-deti\/","about":["D\u011bti"],"wordCount":401,"articleBody":"Adventn\u00edch kalend\u00e1\u0159\u016f najdete v\u00a0p\u0159edv\u00e1no\u010dn\u00edm obdob\u00ed spoustu snad ve v\u0161ech obchodech a e-shopech. U\u017e d\u00e1vno se neprod\u00e1vaj\u00ed pouze oby\u010dejn\u00e9 a levn\u00e9 adventn\u00ed kalend\u00e1\u0159e napln\u011bn\u00e9 levn\u011b chutnaj\u00edc\u00ed \u010dokol\u00e1dou ve tvaru v\u00e1no\u010dn\u00edch motiv\u016f. Dnes je na trhu nespo\u010det druh\u016f takov\u00fdch kalend\u00e1\u0159\u016f. Se\u017eenete samoz\u0159ejm\u011b spoustu \u010dokol\u00e1dov\u00fdch, a to i od zn\u00e1m\u00fdch v\u00fdrobc\u016f \u010dokol\u00e1dy, d\u00e1le t\u0159eba kalend\u00e1\u0159e se zdrav\u00fdmi pochutinami, kosmetikou, \u010daji, oble\u010den\u00edm, \u0161perky, a dokonce i s\u00a0knihami. Dnes si tedy vybere opravdu ka\u017ed\u00fd. Pokud chcete pro sv\u00e9 d\u011bti n\u011bjakou zm\u011bnu a chcete jim v\u011bnovat vlastnoru\u010dn\u011b vyroben\u00fd d\u00e1rek, nev\u00e1hejte a pus\u0165te se sami do v\u00fdroby takov\u00e9ho kalend\u00e1\u0159e. Bude to cht\u00edt trochu trp\u011blivosti a n\u011bjak\u00fd ten materi\u00e1l na jeho v\u00fdrobu, ale v\u00fdsledek bude st\u00e1t za to. Tady v\u00e1m p\u0159in\u00e1\u0161\u00edme n\u011bkolik tip\u016f, \u010d\u00edm m\u016f\u017eete takov\u00fd kalend\u00e1\u0159 pro sv\u00e9 ratolesti naplnit.BublifukKn\u00ed\u017eka poh\u00e1dekFale\u0161n\u00e9 tetov\u00e1n\u00ed\u010cokol\u00e1daObl\u00edben\u00e9 bonbonyJojo KvartetoBomba do koupeleFixyGelov\u00e9 propiskyFunko pop \u0160vihadloN\u00e1ramekSponky do vlas\u016fHra UnoPropiskaOmalov\u00e1nkyModel aut\u00ed\u010dkaBezbarevn\u00fd balz\u00e1m na rtySamolepkyFrisbeePlechovku obl\u00edben\u00e9ho n\u00e1pojeSu\u0161en\u00e9 ovoceP\u011bna do koupeleHork\u00e1 \u010dokol\u00e1daMini panenkaLego\u010celenka do vlas\u016fGumi\u010dkySada na v\u00fdrobu slizuPok\u00e9mon karti\u010dkyL\u00edz\u00e1tkaFotbalov\u00e9 karti\u010dkyVy\u0161krab\u00e1vac\u00ed obr\u00e1zkyVodov\u00e9 barvi\u010dky\u017dv\u00fdka\u010dkySadu raz\u00edtek\u010cokol\u00e1dov\u00e9 figurky s\u00a0mikul\u00e1\u0161skou t\u00e9matikouCD s\u00a0namluven\u00fdmi poh\u00e1dkamiPlastel\u00ednaZ\u00e1pisn\u00edkKniha aktivitKinder vaj\u00ed\u010dkoD\u011btsk\u00e9 n\u016f\u017ekyVyst\u0159ihov\u00e1nkyPlak\u00e1tMinecraft figurkyKomiksHra\u010dky do koupeleN\u00e1hrdeln\u00edk z\u00a0bonb\u00f3n\u016fP\u00ed\u0161\u0165alkaVideohraFigurka dinosauraBud\u00edkO\u0159\u00ed\u0161ky v\u00a0medu nebo \u010dokol\u00e1d\u011bZ\u00e1lo\u017eka do knihyBaterkaRukaviceKdy\u017e se budete rozhodovat, \u010d\u00edm kalend\u00e1\u0159 napln\u00edte, samoz\u0159ejm\u011b se rozhodujete dle toho, jak velk\u00e9 m\u00e1te pytl\u00ed\u010dky na um\u00edst\u011bn\u00ed d\u00e1rk\u016f, podle va\u0161eho rozpo\u010dtu a podle toho, co va\u0161e d\u011bti maj\u00ed r\u00e1dy. Tohle jsou jen mo\u017en\u00e9 tipy, pokud v\u00e1m dojde inspirace.                                                                                                                                                                                                                                                                                                                                                                                        4.4\/5 - (5 votes)        "},{"@context":"https:\/\/schema.org\/","@type":"BreadcrumbList","itemListElement":[{"@type":"ListItem","position":1,"name":"Vyrobte adventn\u00ed kalend\u00e1\u0159 pro sv\u00e9 d\u011bti","item":"https:\/\/www.gerards.cz\/vyrobte-adventni-kalendar-pro-sve-deti\/#breadcrumbitem"}]}]